{"id":14025,"date":"2023-09-17T11:18:37","date_gmt":"2023-09-17T09:18:37","guid":{"rendered":"https:\/\/rockyourgoal.de\/?p=14025"},"modified":"2023-10-05T12:22:47","modified_gmt":"2023-10-05T10:22:47","slug":"erfahrungen-transalpine-run","status":"publish","type":"post","link":"https:\/\/rockyourgoal.de\/en\/erfahrungen-transalpine-run\/","title":{"rendered":"Transalpine Run (TAR)"},"content":{"rendered":"<p>Seit acht Jahren steht das Etappenrennen TAR (Transalpine Run) auf meiner pers\u00f6nlichen Bucketlist und geh\u00f6rt zu meinen gro\u00dfen, sportlichen Lebenszielen. Einmal als Traill\u00e4ufer die Alpen \u00fcberqueren, die ber\u00fchmte TAR-Familie aus der ganzen Welt erleben, sieben Tage lang ohne Pause die eigenen Zweifel, Schmerzen und \u00c4ngste besiegen und die eigenen Grenzen verschieben. Die hochalpine Welt der Alpen in den Trail(lauf) Schuhen zu erkunden und das begehrte TAR-Finisher-Shirt anzustreben. <\/p>\n\n\n\n<p>Daf\u00fcr habe ich fast zwei Jahre trainiert, Ausr\u00fcstung gekauft, mich vorbereitet und mit meinem Cousin Reinhold den (hoffentlich richtigen) Partner ausgesucht. Aber dazu gleich mehr&#8230;.<\/p>\n\n\n\n<p>Du wirst in diesem Bericht wertvolle Informationen rund um den TAR finden aber auch meine ehrlichen Erfahrungen mit diesem kultigsten aller Etappenrennen lesen. Der Transalpin Run ist nicht nur ein Rennen, er ist Herausforderung, Angst, Freude, Spannung, Begegnung, Abenteuer, Gemeinschaft und gelebtes Sportlertum. <\/p>\n\n\n\n<figure class=\"wp-block-image size-full\"><a href=\"https:\/\/rockyourgoal.de\/wp-content\/uploads\/2023\/09\/erfahrungen-transalpine-run-armband.jpg\"><img loading=\"lazy\" decoding=\"async\" width=\"802\" height=\"682\" src=\"http:\/\/rockyourgoal.de\/wp-content\/uploads\/2023\/09\/erfahrungen-transalpine-run-armband.jpg\" alt=\"\" class=\"wp-image-14030\" srcset=\"https:\/\/rockyourgoal.de\/wp-content\/uploads\/2023\/09\/erfahrungen-transalpine-run-armband.jpg 802w, https:\/\/rockyourgoal.de\/wp-content\/uploads\/2023\/09\/erfahrungen-transalpine-run-armband-300x255.jpg 300w, https:\/\/rockyourgoal.de\/wp-content\/uploads\/2023\/09\/erfahrungen-transalpine-run-armband-768x653.jpg 768w, https:\/\/rockyourgoal.de\/wp-content\/uploads\/2023\/09\/erfahrungen-transalpine-run-armband-14x12.jpg 14w\" sizes=\"auto, (max-width: 802px) 100vw, 802px\" \/><\/a><\/figure>\n\n\n\n<h2 class=\"wp-block-heading\">Daten und Fakten rund um den Transalpin Run (TAR)<\/h2>\n\n\n\n<p>Der Transalpin Run ist ein legend\u00e4res Trailrunning Event bei dem Du in mehreren Tagen \u00fcber die Alpen l\u00e4ufst. <\/p>\n\n\n\n<ul class=\"wp-block-list\">\n<li><a href=\"https:\/\/transalpine-run.com\">Website des Transalpin Run (TAR)<\/a><\/li>\n\n\n\n<li><em>Veranstalter<\/em>: PLAN B event company GmbH<\/li>\n\n\n\n<li><em>Art der Veranstaltung<\/em>: Etappenrennen (Trailrunning) \u00fcber die Alpen<\/li>\n\n\n\n<li><em>Duration<\/em>: Sieben oder acht Tage. Wenn eine &#8222;Bergsprint Etappe&#8220; vorgesehen ist, dann dauert der Transalpin Run acht Tage, ansonsten sieben. <\/li>\n\n\n\n<li><em>L\u00e4nge der Laufstrecke gesamt<\/em>: Ca. 260 Kilometer<\/li>\n\n\n\n<li><em>Anstieg (H\u00f6henmeter)<\/em>: Ca. 15.000<\/li>\n\n\n\n<li><em>Abstieg<\/em>: Ca. 15.400<\/li>\n\n\n\n<li><em>Start m\u00f6glich als<\/em>: Einzelstarter (TAR Solo) und als Zweierteam (TAR TEAM)<\/li>\n\n\n\n<li><em>Was ist der TAR2<\/em>? Wer in den TAR hineinschnuppern m\u00f6chte, kann die ersten zwei Tage bei dem &#8222;TAR2&#8220; starten<\/li>\n\n\n\n<li><em>Verpflegung<\/em>: Je nach Etappe gibt es zwischen drei und vier Verpflegungsstationen die reich best\u00fcckt sind mit Getr\u00e4nken und Nahrung<\/li>\n\n\n\n<li><em>Was sind die Cutoffs<\/em>? Aus Sicherheitsgr\u00fcnden stellt der Veranstalter sicher, dass zu einer gewissen Uhrzeit alle L\u00e4ufer den n\u00e4chsten Etappenort erreichen. Gr\u00fcnde hierf\u00fcr k\u00f6nnen Dunkelheit, Gewitter oder sonstige Gr\u00fcnde sein. Um dies sicherstellen zu k\u00f6nnen, m\u00fcssen die L\u00e4ufer bis zu einer gewissen Uhrzeit einen bestimmten Punkt (meist Verpflegungsstation und\/oder das Ziel) erreichen. Erreichst Du es sp\u00e4ter, musst Du an dem Tag das Rennen abbrechen und wirst aus der Gesamtwertung genommen. <\/li>\n\n\n\n<li><em>Was ist die &#8222;Pflichtausr\u00fcstung<\/em>&#8222;? Je nach Wetterlage musst Du die vorgeschriebene Pflichtausr\u00fcstung bei Dir f\u00fchren. Dazu sp\u00e4ter etwas mehr. <\/li>\n\n\n\n<li><em>Anspruch des Rennens<\/em>: Sehr hoch! Du solltest reiche Erfahrung in den Bergen mitbringen, schwindelfrei und trittsicher sein und eine \u00fcberdurchschnittlich gute Kondition und Kraftausdauer haben. <\/li>\n<\/ul>\n\n\n\n<h2 class=\"wp-block-heading\">Ausr\u00fcstung f\u00fcr den Transalpine Run<\/h2>\n\n\n\n<p>\u00dcber das Thema &#8222;Ausr\u00fcstung&#8220; k\u00f6nnte man nat\u00fcrlich ganze B\u00fccher f\u00fcllen, aber ich gehe an dieser Stelle davon aus, dass Du bereits etwas Erfahrung im Trail Running hast und Dir die Begriffe rund um die Ausr\u00fcstung nicht neu sind. Ich werde Dir trotzdem am Ende dieses Berichtes meine Ausr\u00fcstung im Einzelnen vorstellen. <\/p>\n\n\n\n<h3 class=\"wp-block-heading\">Pflichtausr\u00fcstung f\u00fcr den TAR:<\/h3>\n\n\n\n<ul class=\"wp-block-list\">\n<li><em>Laufrucksack<\/em>: Dieser sollte so gro\u00df dimensioniert sein, dass Du die folgende Pflichtausr\u00fcstung in ihm unterbringen kannst. <\/li>\n\n\n\n<li><em>Trailrunning Schuhe<\/em>: Du solltest mindestens zwei (besser drei) gut eingelaufene Paar Trailrunning Schuhe mit einer guten Profilsohle haben. Diese sollten f\u00fcr das Laufen im alpinen Gel\u00e4nde geeignet sein. Ich habe bereits viele Trailrunning Schuhe ausprobiert und habe die 100%ig Richtigen f\u00fcr mich noch nicht gefunden. Allerdings komme ich der Sache langsam n\u00e4her \ud83d\ude09<\/li>\n\n\n\n<li><em>Schuhspikes f\u00fcr Schnee<\/em>: Du wirst im Hochgebirge auf bis zu 3000 Metern H\u00f6he laufen und da kann es jederzeit schneien. Deshalb sind Gr\u00f6del (\u00dcberziehspikes f\u00fcr die Trail Schuhe) wichtig. Diese musst Du jedoch nur mitf\u00fchren, wenn dies im Briefing ausdr\u00fccklich gesagt wird. <\/li>\n\n\n\n<li><em>Regenbekleidung (wasserdichte Jacke)<\/em>: Eine gute Regenjacke musst Du jeden Tag mitf\u00fchren und das wird kontrolliert! Sie ist jedoch in Deinem eigenen Interesse, denn sie kann Dir bei Regen oder starkem Wind Dein Leben retten. Hier solltest Du auch nicht sparen. <\/li>\n\n\n\n<li><em>Warme Kleidung<\/em> (lang\u00e4rmliges Oberteil oder Armlinge) und eine lange Hose. Die Regel &#8222;Es darf keine Haut sichtbar sein&#8220; sollte diese Pflichtausr\u00fcstung erf\u00fcllen. Sie m\u00fcssen immer mitgef\u00fchrt werden!<\/li>\n\n\n\n<li><em>Handschuhe und M\u00fctze<\/em>: Wir hatten Gl\u00fcck sie nicht zu brauchen, aber wenn es kalt wird, dann bist Du dankbar daf\u00fcr. Sie m\u00fcssen ebenfalls immer mitgef\u00fchrt werden!<\/li>\n\n\n\n<li><em>Trinkbeh\u00e4lter zur Getr\u00e4nkeaufnahme<\/em>: Du solltest einen Becher (es gibt zusammenkn\u00fcllbare Becher) mitf\u00fchren, damit Du an den Getr\u00e4nkestationen Getr\u00e4nke und Suppe aufnehmen kannst. <\/li>\n\n\n\n<li><em>Wasserbeh\u00e4lter mit mindestens einem Liter Fassungsvolumen<\/em>: Du kannst nat\u00fcrlich einen Trinkbeutel (Camelbak) nutzen oder Softflasks. Ich habe mich auf zwei Softflasks mit je einem halben Liter Volumen verlassen und w\u00fcrde es wieder so machen. <\/li>\n\n\n\n<li>L<em>ebensmittel (Gels, Riegel, N\u00fcsse etc.)<\/em>: Alle Verpackungen m\u00fcssen mit Deiner Nummer beschriftet sein!<\/li>\n\n\n\n<li>Personalausweis<\/li>\n\n\n\n<li><em>(Optional) Laufst\u00f6cke<\/em>: Wenn Du sie mitnimmst, dann musst Du sie auch wieder ins Ziel bringen. das Abgeben an Dritte ist nicht erlaubt. <\/li>\n\n\n\n<li><em>Stirnlampe<\/em>: Auf manchen Etappen brauchst Du einen Stirnlampe (z.B. bei einem Start in der Dunkelheit). Die Notwendigkeit f\u00fcr eine Etappe erf\u00e4hrst Du am Abend vorher beim Briefing. <\/li>\n\n\n\n<li><em>Notfallausr\u00fcstung<\/em>: (Rettungsdecke 1x, 1 Kompresse 10\u00d710, 2 Verbandp\u00e4ckchen, Dreieckstuch 1x, Wundpflaster 4x, Notfallpfeife, Blasenpflaster)<\/li>\n\n\n\n<li>Navigationsger\u00e4t (Smartphone, Fitnessuhr etc.) mit eingespeichertem GPS-Track oder alternativ detaillierte Streckenkarten der jeweiligen Etappe in gedruckter Version.<\/li>\n\n\n\n<li><em>Mobiltelefon <\/em>mit eingespeicherter Medical Crew-Nummer zum Abgeben von Notrufen<\/li>\n<\/ul>\n\n\n\n<h2 class=\"wp-block-heading\">Mein Transalpine Run 2023 (Westroute)<\/h2>\n\n\n\n<p>&#8222;<em>Wenn Deine Tr\u00e4ume Dir keine Angst machen, dann sind sie nicht gro\u00df genug<\/em>&#8220; (Autor unbekannt) ! Kurz vor Weihnachten 2022 habe ich mich \u00fcberwunden und die Anmeldung f\u00fcr den Transalpin Run (TEAM) 2023 vorgenommen. Und ab dem Zeitpunkt wurde die Gr\u00f6\u00dfe der Aufgabe f\u00fcr mich real, denn ich habe mich jeden Tag mit dem Rennen besch\u00e4ftigt. Wenn ich morgens aufwachte dachte ich daran, wenn ich abends ins Bett ging war der TAR pr\u00e4sent und w\u00e4hrend des Tages konnte ich meine Gedanken nicht immer stoppen, und so flogen sie oft eigenm\u00e4chtig und unaufhaltsam zum TAR. Dabei war es nicht immer nur Vorfreude, denn auch Zweifel und sogar Angst vor der Gr\u00f6\u00dfe der Aufgabe begleiteten mich lange Zeit. Auf ein Ziel hinzuarbeiten das so weit in der Zukunft liegt ist manchmal frustrierend, denn man sieht seine Zwischenerfolge nicht immer. Und ich wusste nie ob ich genug trainiere, ob meine Ausr\u00fcstung gut genug ist und ob mein K\u00f6rper solch einer Belastung \u00fcberhaupt gewachsen ist. Schlie\u00dflich bin ich bereits 47 Jahre alt, also ist der Lack zumindest mal angekratzt. <\/p>\n\n\n\n<p>Und nat\u00fcrlich habe ich mir auch Sorgen um meinen nochmal zwanzig Jahre \u00e4lteren Teampartner Reinhold gemacht. Habe ich ihn zu etwas \u00fcberredet das ihn \u00fcberfordert, ihm gar keinen Spa\u00df macht oder vielleicht einfach nur MEIN Traum ist und nicht seiner? Ich wusste, dass er ehrgeizig, fit und mental stark ist, aber reicht das?<\/p>\n\n\n\n<p>Um mich zu flei\u00dfigem Training zu motivieren, hatte ich mir bereits im Jahr 2022 die Challenge &#8222;<a href=\"https:\/\/rockyourgoal.de\/en\/100-summits-2022\/\">100 Summits<\/a>&#8220; vorgenommen und 100 Gipfel in den Laufschuhen bestiegen. Dabei gewann ich nicht nur Kondition und Technik in den Bergen, sondern auch viel alpine Erfahrung. Diese Challenge sollte bei mir die mentale, physische und technische Basis, quasi die &#8222;alpine Grunderfahrung&#8220; legen. Das ich dabei &#8222;so nebenher&#8220; noch tausende, wunderbarer und unvergesslicher Augenblicke erleben durfte sei am Rande erw\u00e4hnt. Es stimmt eben doch, <em>dass der Weg das Ziel ist<\/em>. <\/p>\n\n\n\n<p>Das Jahr 2023 war bei mir von Ausdauertraining (Radfahren, Laufen, Endlostreppe im Fitnessstudio, Wandern und Trailrunning in den Bergen) gepr\u00e4gt. Ich wollte keine M\u00f6glichkeit im Alltag verstreichen lassen, an meiner Grundlagenausdauer, meiner Kraftausdauer und an meiner Kraft zu arbeiten. Dabei versuchte ich jeden Monat die Umf\u00e4nge zu steigern und immer mehr in die &#8222;Ultra-Schiene&#8220; zu kommen. Eigentlich war ich bisher kein Ultra-L\u00e4ufer, wusste aber dass ich es werden musste. Ich werde noch einen ausf\u00fchrlichen Artikel zum Training f\u00fcr den TAR schreiben, deshalb m\u00f6chte ich es an dieser Stelle gut sein lassen mit Trainingsdetails \ud83d\ude42<\/p>\n\n\n\n<p>Mein erstes, richtiges Ziel im Hinblick auf den TAR 2023 war es, gesund zu bleiben und die Vorbereitung verletzungsfrei zu absolvieren. Das scheint funktioniert zu haben, denn wir sitzen gerade im Auto nach Lech am Arlberg, dem Ort an dem die erste Etappe des Transalpin Runs starten soll. Ich habe eine verletzungsfreie Vorbereitung hinter mir und bin dar\u00fcber sehr dankbar. Erstes Ziel erf\u00fcllt!<\/p>\n\n\n<div class=\"wp-block-image\">\n<figure class=\"aligncenter size-medium\"><a href=\"https:\/\/rockyourgoal.de\/wp-content\/uploads\/2023\/09\/erfahrungen-transalpine-run-anreise.jpg\"><img loading=\"lazy\" decoding=\"async\" width=\"225\" height=\"300\" src=\"https:\/\/rockyourgoal.de\/wp-content\/uploads\/2023\/09\/erfahrungen-transalpine-run-anreise-225x300.jpg\" alt=\"\" class=\"wp-image-14034\" srcset=\"https:\/\/rockyourgoal.de\/wp-content\/uploads\/2023\/09\/erfahrungen-transalpine-run-anreise-225x300.jpg 225w, https:\/\/rockyourgoal.de\/wp-content\/uploads\/2023\/09\/erfahrungen-transalpine-run-anreise-768x1024.jpg 768w, https:\/\/rockyourgoal.de\/wp-content\/uploads\/2023\/09\/erfahrungen-transalpine-run-anreise-9x12.jpg 9w, https:\/\/rockyourgoal.de\/wp-content\/uploads\/2023\/09\/erfahrungen-transalpine-run-anreise.jpg 960w\" sizes=\"auto, (max-width: 225px) 100vw, 225px\" \/><\/a><\/figure>\n<\/div>\n\n\n<p>Tina und Anette sind bereits erfolgreiche Finisher des Transalpin Runs aus dem Jahr 2022 und Reinhold (mein 67-j\u00e4hriger Cousin und Teampartner) ist fit wie nie. Reinhold kennt die Berge als Kletterer, Wanderer H\u00f6henbergsteiger, Mountainbiker und Traill\u00e4ufer. Auch leitete er viele, viele Jahre die DAV-Sektion &#8222;Karpaten&#8220;, der auch ich angeh\u00f6re. An Erfahrung mangelt es also nicht, aber auch er hat noch nie ein solches Etappenrennen absolviert. Ich wei\u00df, dass ich mich auf ihn als Mensch verlassen kann, aber ich wei\u00df nicht ob ihn das Ganze k\u00f6rperlich nicht \u00fcberfordern wird, denn da bin ich mir auch bei mir nicht sicher. <\/p>\n\n\n\n<p>Nat\u00fcrlich haben wir im Vorfeld zumindest zwei Mehrtages-Trainings-Einheiten eingelegt, aber die waren nat\u00fcrlich nicht auf TAR-Niveau. Und trotzdem f\u00fchlen wir uns gut vorbereitet und sind gespannt was auf uns zukommt. <\/p>\n\n\n\n<p>In Lech am Arlberg (eines der &#8222;Vorarlberger Walserd\u00f6rfern&#8220;) angekommen, beziehen wir unser Hotel f\u00fcr eine Nacht und gehen zur Registrierung des TAR um unsere Taschen, Startnummer und Starter-Bags abzuholen. <\/p>\n\n\n\n<p>Die Registrierung ist ein echtes Erlebnis, denn nun treffen wir auf dutzende Gleichgesinnte aus der ganzen Welt, lernen das Team von PlanB kennen und bekommen unsere riesige, rot-orange Tasche, welche unserem Gep\u00e4ck (maximal 24 Kilogramm) die n\u00e4chsten sieben Tage eine Heimat bieten wird und in der es von Hotel zu Hotel fahren wird. Ein logistischer Kraftakt den PlanB meistert und bereits an dieser Stelle &#8222;VIELEN DANK DAF\u00dcR&#8220;!<\/p>\n\n\n\n<p>Die Aufregung wird bei mir immer gr\u00f6\u00dfer, denn nun wird der TAR greifbar. Aber nun kommt auch die hei\u00df ersehnte, riesige Vorfreude. Ich w\u00fcnsche mir, dass es endlich beginnt, ich will starten!<\/p>\n\n\n\n<figure class=\"wp-block-gallery has-nested-images columns-default is-cropped wp-block-gallery-1 is-layout-flex wp-block-gallery-is-layout-flex\">\n<figure class=\"wp-block-image size-large\"><a href=\"https:\/\/rockyourgoal.de\/wp-content\/uploads\/2023\/09\/erfahrungen-transalpine-run-tina-bussi.jpg\"><img loading=\"lazy\" decoding=\"async\" width=\"706\" height=\"1024\" data-id=\"14031\" src=\"https:\/\/rockyourgoal.de\/wp-content\/uploads\/2023\/09\/erfahrungen-transalpine-run-tina-bussi-706x1024.jpg\" alt=\"\" class=\"wp-image-14031\" srcset=\"https:\/\/rockyourgoal.de\/wp-content\/uploads\/2023\/09\/erfahrungen-transalpine-run-tina-bussi-706x1024.jpg 706w, https:\/\/rockyourgoal.de\/wp-content\/uploads\/2023\/09\/erfahrungen-transalpine-run-tina-bussi-207x300.jpg 207w, https:\/\/rockyourgoal.de\/wp-content\/uploads\/2023\/09\/erfahrungen-transalpine-run-tina-bussi-768x1113.jpg 768w, https:\/\/rockyourgoal.de\/wp-content\/uploads\/2023\/09\/erfahrungen-transalpine-run-tina-bussi-8x12.jpg 8w, https:\/\/rockyourgoal.de\/wp-content\/uploads\/2023\/09\/erfahrungen-transalpine-run-tina-bussi.jpg 781w\" sizes=\"auto, (max-width: 706px) 100vw, 706px\" \/><\/a><figcaption class=\"wp-element-caption\">Tina hat ihren Traumprinzen gefunden<\/figcaption><\/figure>\n\n\n\n<figure class=\"wp-block-image size-large\"><a href=\"https:\/\/rockyourgoal.de\/wp-content\/uploads\/2023\/09\/erfahrungen-transalpine-run-tar-bags.jpg\"><img loading=\"lazy\" decoding=\"async\" width=\"696\" height=\"927\" data-id=\"14029\" src=\"https:\/\/rockyourgoal.de\/wp-content\/uploads\/2023\/09\/erfahrungen-transalpine-run-tar-bags.jpg\" alt=\"\" class=\"wp-image-14029\" srcset=\"https:\/\/rockyourgoal.de\/wp-content\/uploads\/2023\/09\/erfahrungen-transalpine-run-tar-bags.jpg 696w, https:\/\/rockyourgoal.de\/wp-content\/uploads\/2023\/09\/erfahrungen-transalpine-run-tar-bags-225x300.jpg 225w, https:\/\/rockyourgoal.de\/wp-content\/uploads\/2023\/09\/erfahrungen-transalpine-run-tar-bags-9x12.jpg 9w\" sizes=\"auto, (max-width: 696px) 100vw, 696px\" \/><\/a><figcaption class=\"wp-element-caption\">Die TAR-Taschen in rot<\/figcaption><\/figure>\n\n\n\n<figure class=\"wp-block-image size-large\"><a href=\"https:\/\/rockyourgoal.de\/wp-content\/uploads\/2023\/09\/erfahrungen-transalpine-run-registrierung.jpg\"><img loading=\"lazy\" decoding=\"async\" width=\"847\" height=\"636\" data-id=\"14028\" src=\"https:\/\/rockyourgoal.de\/wp-content\/uploads\/2023\/09\/erfahrungen-transalpine-run-registrierung.jpg\" alt=\"\" class=\"wp-image-14028\" srcset=\"https:\/\/rockyourgoal.de\/wp-content\/uploads\/2023\/09\/erfahrungen-transalpine-run-registrierung.jpg 847w, https:\/\/rockyourgoal.de\/wp-content\/uploads\/2023\/09\/erfahrungen-transalpine-run-registrierung-300x225.jpg 300w, https:\/\/rockyourgoal.de\/wp-content\/uploads\/2023\/09\/erfahrungen-transalpine-run-registrierung-768x577.jpg 768w, https:\/\/rockyourgoal.de\/wp-content\/uploads\/2023\/09\/erfahrungen-transalpine-run-registrierung-16x12.jpg 16w\" sizes=\"auto, (max-width: 847px) 100vw, 847px\" \/><\/a><figcaption class=\"wp-element-caption\">Hier geht\u00b4s zur Registrierung<\/figcaption><\/figure>\n<\/figure>\n\n\n\n<h2 class=\"wp-block-heading\">Transalpine Run 2023 &#8211; Erste Etappe &#8211; Von Lech am Arlberg nach St. Anton am Arlberg<\/h2>\n\n\n\n<p>Wir stehen um ca. 06:00 Uhr auf (fr\u00fch Aufstehen geh\u00f6rt beim TAR dazu), packen unsere restliche Ausr\u00fcstung f\u00fcr das Rennen in unseren, bereits am Vorabend vorbereiteten Laufrucksack und verstauen den gesamten Rest in unsere rote Tasche. Heute m\u00fcssen wir diese noch selbst bis in den Startbereich mitnehmen, die weiteren Etappen wird sie jeden Morgen direkt am Hotel abgeholt. Wir fr\u00fchst\u00fccken (leider bin ich zu aufgeregt um ein bei mir eigentlich gewohnt \u00fcppiges Fr\u00fchst\u00fcck einzunehmen) und begeben uns in den nahen Startbereich. Heute steht uns die erste Etappe des Transalpin Run von Lech am Arlberg nach St. Anton bevor. Auf dieser Etappe warten <em>33 Kilometer, 1800 Meter im Aufstieg und 1930 Meter im Abstieg<\/em> auf uns. <\/p>\n\n\n\n<figure class=\"wp-block-image size-large\"><a href=\"https:\/\/rockyourgoal.de\/wp-content\/uploads\/2023\/09\/TAR-erste-Etappe-Hoehenprofil.png\"><img loading=\"lazy\" decoding=\"async\" width=\"990\" height=\"665\" src=\"https:\/\/rockyourgoal.de\/wp-content\/uploads\/2023\/09\/TAR-erste-Etappe-Hoehenprofil-990x665.png\" alt=\"\" class=\"wp-image-14067\" srcset=\"https:\/\/rockyourgoal.de\/wp-content\/uploads\/2023\/09\/TAR-erste-Etappe-Hoehenprofil.png 990w, https:\/\/rockyourgoal.de\/wp-content\/uploads\/2023\/09\/TAR-erste-Etappe-Hoehenprofil-768x515.png 768w, https:\/\/rockyourgoal.de\/wp-content\/uploads\/2023\/09\/TAR-erste-Etappe-Hoehenprofil-18x12.png 18w\" sizes=\"auto, (max-width: 990px) 100vw, 990px\" \/><\/a><\/figure>\n\n\n\n<p>Dabei warten aber auch zwei Cuttoff-Zeiten (11:00 Uhr bei Kilometer 13 und 13:50 Uhr bei Kilometer 25) bedrohlich auf uns. Da wir uns noch \u00fcberhaupt nicht einsch\u00e4tzen k\u00f6nnen, ist jede dieser Cutoff-Zeiten eines unserer Zwischenziele auf die wir bange drauf schauen. Wir wissen, dass wir nicht zu den Schnellen geh\u00f6ren, wir wissen aber auch, dass wir z\u00e4h sind! Anette und Tina sind tolle L\u00e4uferinnen und bringen Erfahrung mit, so dass sie definitiv zu den Schnellen in ihrer Altersklasse geh\u00f6ren werden. Das sind die ehrlichen Vorzeichen. Beim Briefing erfahren wir jedoch, dass die Zeitlimits um eine halbe Stunde verl\u00e4ngert werden. Das ist schon mal sehr beruhigend. <\/p>\n\n\n\n<div class=\"strava-embed-placeholder\" data-embed-type=\"activity\" data-embed-id=\"9815736568\"><\/div><script src=\"https:\/\/strava-embeds.com\/embed.js\"><\/script>\n\n\n\n<p><em>Anmerkung: Die in diesem Strava-Auszug ausgewiesenen H\u00f6henmeter stimmen nicht! Das ist ein Messfehler meiner Uhr, also bitte nicht wundern. Die vom Veranstalter ausgegebenen 1800 H\u00f6henmeter stimmen ziemlich genau!<\/em><\/p>\n\n\n\n<p>Und dann stehen wir im Startblock. Wir haben die Kontrolle der Pflichtausr\u00fcstung erfolgreich bestanden, es kann losgehen. Um uns herum begegnen uns viele fr\u00f6hliche und erwartungsfrohe Gesichter, der Sprecher heizt die Stimmung an und schlie\u00dflich ert\u00f6nt die Musik von ACDC &#8222;Highway to Hell&#8220; und die ersten L\u00e4ufer laufen los! Wir haben uns weit hinten eingeordnet, aber auch wir bewegen uns mit klopfendem Herzen vorw\u00e4rts und verfallen in einen langsamen Laufschritt. Nur nicht zu schnell werden, das eigene Tempo z\u00fcgeln, denn der Tag wird lang. <\/p>\n\n\n\n<p>Die ersten Kilometer zieht sich die TAR-Gemeinschaft wie eine gro\u00dfe Menschen-Schlange eine sanfte Steigung nach oben und immer wieder m\u00fcssen wir an engen Stellen kurz warten. <\/p>\n\n\n\n<figure class=\"wp-block-gallery has-nested-images columns-4 is-cropped wp-block-gallery-2 is-layout-flex wp-block-gallery-is-layout-flex\">\n<figure class=\"wp-block-image size-large\"><a href=\"https:\/\/rockyourgoal.de\/wp-content\/uploads\/2023\/09\/erfahrungen-transalpine-run-team.jpg\"><img loading=\"lazy\" decoding=\"async\" width=\"700\" height=\"820\" data-id=\"14032\" src=\"https:\/\/rockyourgoal.de\/wp-content\/uploads\/2023\/09\/erfahrungen-transalpine-run-team.jpg\" alt=\"\" class=\"wp-image-14032\" srcset=\"https:\/\/rockyourgoal.de\/wp-content\/uploads\/2023\/09\/erfahrungen-transalpine-run-team.jpg 700w, https:\/\/rockyourgoal.de\/wp-content\/uploads\/2023\/09\/erfahrungen-transalpine-run-team-256x300.jpg 256w, https:\/\/rockyourgoal.de\/wp-content\/uploads\/2023\/09\/erfahrungen-transalpine-run-team-10x12.jpg 10w\" sizes=\"auto, (max-width: 700px) 100vw, 700px\" \/><\/a><figcaption class=\"wp-element-caption\">Die Taschen sind abgegeben, es kann losgehen!<\/figcaption><\/figure>\n\n\n\n<figure class=\"wp-block-image size-large\"><a href=\"https:\/\/rockyourgoal.de\/wp-content\/uploads\/2023\/09\/erfahrungen-transalpin-run-uwe-selfie.jpg\"><img loading=\"lazy\" decoding=\"async\" width=\"696\" height=\"927\" data-id=\"14052\" src=\"https:\/\/rockyourgoal.de\/wp-content\/uploads\/2023\/09\/erfahrungen-transalpin-run-uwe-selfie.jpg\" alt=\"\" class=\"wp-image-14052\" srcset=\"https:\/\/rockyourgoal.de\/wp-content\/uploads\/2023\/09\/erfahrungen-transalpin-run-uwe-selfie.jpg 696w, https:\/\/rockyourgoal.de\/wp-content\/uploads\/2023\/09\/erfahrungen-transalpin-run-uwe-selfie-225x300.jpg 225w, https:\/\/rockyourgoal.de\/wp-content\/uploads\/2023\/09\/erfahrungen-transalpin-run-uwe-selfie-9x12.jpg 9w\" sizes=\"auto, (max-width: 696px) 100vw, 696px\" \/><\/a><figcaption class=\"wp-element-caption\">Kurz nach dem Start<\/figcaption><\/figure>\n\n\n\n<figure class=\"wp-block-image size-medium\"><a href=\"https:\/\/rockyourgoal.de\/wp-content\/uploads\/2023\/09\/erfahrungen-transalpin-run-von-lech-nach-st-anton-nach-oben.jpg\"><img loading=\"lazy\" decoding=\"async\" width=\"225\" height=\"300\" data-id=\"14054\" src=\"https:\/\/rockyourgoal.de\/wp-content\/uploads\/2023\/09\/erfahrungen-transalpin-run-von-lech-nach-st-anton-nach-oben-225x300.jpg\" alt=\"\" class=\"wp-image-14054\" srcset=\"https:\/\/rockyourgoal.de\/wp-content\/uploads\/2023\/09\/erfahrungen-transalpin-run-von-lech-nach-st-anton-nach-oben-225x300.jpg 225w, https:\/\/rockyourgoal.de\/wp-content\/uploads\/2023\/09\/erfahrungen-transalpin-run-von-lech-nach-st-anton-nach-oben-768x1023.jpg 768w, https:\/\/rockyourgoal.de\/wp-content\/uploads\/2023\/09\/erfahrungen-transalpin-run-von-lech-nach-st-anton-nach-oben-9x12.jpg 9w, https:\/\/rockyourgoal.de\/wp-content\/uploads\/2023\/09\/erfahrungen-transalpin-run-von-lech-nach-st-anton-nach-oben.jpg 908w\" sizes=\"auto, (max-width: 225px) 100vw, 225px\" \/><\/a><figcaption class=\"wp-element-caption\">Menschen-Schlange nach oben<\/figcaption><\/figure>\n\n\n\n<figure class=\"wp-block-image size-large\"><a href=\"https:\/\/rockyourgoal.de\/wp-content\/uploads\/2023\/09\/erfahrungen-transalpin-run-menschenkette-nach-oben.jpg\"><img loading=\"lazy\" decoding=\"async\" width=\"636\" height=\"847\" data-id=\"14055\" src=\"https:\/\/rockyourgoal.de\/wp-content\/uploads\/2023\/09\/erfahrungen-transalpin-run-menschenkette-nach-oben.jpg\" alt=\"\" class=\"wp-image-14055\" srcset=\"https:\/\/rockyourgoal.de\/wp-content\/uploads\/2023\/09\/erfahrungen-transalpin-run-menschenkette-nach-oben.jpg 636w, https:\/\/rockyourgoal.de\/wp-content\/uploads\/2023\/09\/erfahrungen-transalpin-run-menschenkette-nach-oben-225x300.jpg 225w, https:\/\/rockyourgoal.de\/wp-content\/uploads\/2023\/09\/erfahrungen-transalpin-run-menschenkette-nach-oben-9x12.jpg 9w\" sizes=\"auto, (max-width: 636px) 100vw, 636px\" \/><\/a><figcaption class=\"wp-element-caption\">Mit jedem Kilometer wird die Menschen-Schlange lockerer<\/figcaption><\/figure>\n<\/figure>\n\n\n\n<p>Heute ist ein warmer Tag und bereits nach den ersten Zwei Kilometern beginnt der erste (von zwei) knackigen Anstiegen. Es warten knappe 1000 H\u00f6henmeter, verteilt auf 6 Kilometer auf uns. Unser Ziel ist die Rauhe Kopf Scharte (h\u00f6chster Punkt) und diese liegt auf einer H\u00f6he von 2420m. Wenn Du etwas mehr \u00fcber die Streckenf\u00fchrung erfahren willst, dann lass Dich von dem Rennleiter (und unserer guten Seele) Martin in dem folgenden Video mitnehmen:<\/p>\n\n\n\n<figure class=\"wp-block-embed aligncenter is-type-video is-provider-youtube wp-block-embed-youtube wp-embed-aspect-16-9 wp-has-aspect-ratio\"><div class=\"wp-block-embed__wrapper\">\n<iframe loading=\"lazy\" title=\"Transalpine Run 2023 Course Briefing Stage 1\" width=\"800\" height=\"450\" src=\"https:\/\/www.youtube.com\/embed\/1Wql-s756D4?feature=oembed\" frameborder=\"0\" allow=\"accelerometer; autoplay; clipboard-write; encrypted-media; gyroscope; picture-in-picture; web-share\" allowfullscreen><\/iframe>\n<\/div><\/figure>\n\n\n\n<p>Der Anstieg zur Rauhe Kopf Scharte ist nicht besonders technisch, nur eben etwas steil. Ich habe mich kurzfristig f\u00fcr meine St\u00f6cke entschieden und im Anstieg merke ich die Vorteile. Ich kann durch sanften Druck etwas Gewicht von meinen Beinen nehmen und somit den Oberk\u00f6rper auch aktiv in die Arbeit einbinden. Das Ergebnis davon werde ich wahrscheinlich nicht nach dem ersten Tag, aber sp\u00e4testens nach zwei oder drei Tagen merken. <\/p>\n\n\n\n<figure class=\"wp-block-gallery has-nested-images columns-default is-cropped wp-block-gallery-3 is-layout-flex wp-block-gallery-is-layout-flex\">\n<figure class=\"wp-block-image size-large\"><a href=\"https:\/\/rockyourgoal.de\/wp-content\/uploads\/2023\/09\/erfahrungen-transalpin-run-welch-eine-aussicht.jpg\"><img loading=\"lazy\" decoding=\"async\" width=\"756\" height=\"1008\" data-id=\"14053\" src=\"https:\/\/rockyourgoal.de\/wp-content\/uploads\/2023\/09\/erfahrungen-transalpin-run-welch-eine-aussicht.jpg\" alt=\"\" class=\"wp-image-14053\" srcset=\"https:\/\/rockyourgoal.de\/wp-content\/uploads\/2023\/09\/erfahrungen-transalpin-run-welch-eine-aussicht.jpg 756w, https:\/\/rockyourgoal.de\/wp-content\/uploads\/2023\/09\/erfahrungen-transalpin-run-welch-eine-aussicht-225x300.jpg 225w, https:\/\/rockyourgoal.de\/wp-content\/uploads\/2023\/09\/erfahrungen-transalpin-run-welch-eine-aussicht-9x12.jpg 9w\" sizes=\"auto, (max-width: 756px) 100vw, 756px\" \/><\/a><figcaption class=\"wp-element-caption\">Die Berge Vorarlbergs<\/figcaption><\/figure>\n\n\n\n<figure class=\"wp-block-image size-large\"><a href=\"https:\/\/rockyourgoal.de\/wp-content\/uploads\/2023\/09\/erfahrungen-transalpin-run-start-in-lech.jpg\"><img loading=\"lazy\" decoding=\"async\" width=\"768\" height=\"1024\" data-id=\"14056\" src=\"https:\/\/rockyourgoal.de\/wp-content\/uploads\/2023\/09\/erfahrungen-transalpin-run-start-in-lech-768x1024.jpg\" alt=\"\" class=\"wp-image-14056\" srcset=\"https:\/\/rockyourgoal.de\/wp-content\/uploads\/2023\/09\/erfahrungen-transalpin-run-start-in-lech-768x1023.jpg 768w, https:\/\/rockyourgoal.de\/wp-content\/uploads\/2023\/09\/erfahrungen-transalpin-run-start-in-lech-225x300.jpg 225w, https:\/\/rockyourgoal.de\/wp-content\/uploads\/2023\/09\/erfahrungen-transalpin-run-start-in-lech-9x12.jpg 9w, https:\/\/rockyourgoal.de\/wp-content\/uploads\/2023\/09\/erfahrungen-transalpin-run-start-in-lech.jpg 908w\" sizes=\"auto, (max-width: 768px) 100vw, 768px\" \/><\/a><figcaption class=\"wp-element-caption\">Unheimlich sch\u00f6n<\/figcaption><\/figure>\n\n\n\n<figure class=\"wp-block-image size-large\"><a href=\"https:\/\/rockyourgoal.de\/wp-content\/uploads\/2023\/09\/erfahrungen-transalpin-run-schoen-gruen.jpg\"><img loading=\"lazy\" decoding=\"async\" width=\"1024\" height=\"768\" data-id=\"14057\" src=\"https:\/\/rockyourgoal.de\/wp-content\/uploads\/2023\/09\/erfahrungen-transalpin-run-schoen-gruen-1024x768.jpg\" alt=\"\" class=\"wp-image-14057\" srcset=\"https:\/\/rockyourgoal.de\/wp-content\/uploads\/2023\/09\/erfahrungen-transalpin-run-schoen-gruen-1024x768.jpg 1024w, https:\/\/rockyourgoal.de\/wp-content\/uploads\/2023\/09\/erfahrungen-transalpin-run-schoen-gruen-300x225.jpg 300w, https:\/\/rockyourgoal.de\/wp-content\/uploads\/2023\/09\/erfahrungen-transalpin-run-schoen-gruen-768x576.jpg 768w, https:\/\/rockyourgoal.de\/wp-content\/uploads\/2023\/09\/erfahrungen-transalpin-run-schoen-gruen-16x12.jpg 16w, https:\/\/rockyourgoal.de\/wp-content\/uploads\/2023\/09\/erfahrungen-transalpin-run-schoen-gruen.jpg 1210w\" sizes=\"auto, (max-width: 1024px) 100vw, 1024px\" \/><\/a><figcaption class=\"wp-element-caption\">Auf diese Aussichten habe ich mich gefreut<\/figcaption><\/figure>\n\n\n\n<figure class=\"wp-block-image size-large\"><a href=\"https:\/\/rockyourgoal.de\/wp-content\/uploads\/2023\/09\/erfahrungen-transalpin-run-what-a-view.jpg\"><img loading=\"lazy\" decoding=\"async\" width=\"1024\" height=\"768\" data-id=\"14058\" src=\"https:\/\/rockyourgoal.de\/wp-content\/uploads\/2023\/09\/erfahrungen-transalpin-run-what-a-view-1024x768.jpg\" alt=\"\" class=\"wp-image-14058\" srcset=\"https:\/\/rockyourgoal.de\/wp-content\/uploads\/2023\/09\/erfahrungen-transalpin-run-what-a-view-1024x768.jpg 1024w, https:\/\/rockyourgoal.de\/wp-content\/uploads\/2023\/09\/erfahrungen-transalpin-run-what-a-view-300x225.jpg 300w, https:\/\/rockyourgoal.de\/wp-content\/uploads\/2023\/09\/erfahrungen-transalpin-run-what-a-view-768x576.jpg 768w, https:\/\/rockyourgoal.de\/wp-content\/uploads\/2023\/09\/erfahrungen-transalpin-run-what-a-view-16x12.jpg 16w, https:\/\/rockyourgoal.de\/wp-content\/uploads\/2023\/09\/erfahrungen-transalpin-run-what-a-view.jpg 1210w\" sizes=\"auto, (max-width: 1024px) 100vw, 1024px\" \/><\/a><figcaption class=\"wp-element-caption\">Der Tag ist nahezu wolkenlos<\/figcaption><\/figure>\n\n\n\n<figure class=\"wp-block-image size-large\"><a href=\"https:\/\/rockyourgoal.de\/wp-content\/uploads\/2023\/09\/erfahrungen-transalpin-run-murmelbiere-vor-bergkulisse.jpg\"><img loading=\"lazy\" decoding=\"async\" width=\"1024\" height=\"768\" data-id=\"14059\" src=\"https:\/\/rockyourgoal.de\/wp-content\/uploads\/2023\/09\/erfahrungen-transalpin-run-murmelbiere-vor-bergkulisse-1024x768.jpg\" alt=\"\" class=\"wp-image-14059\" srcset=\"https:\/\/rockyourgoal.de\/wp-content\/uploads\/2023\/09\/erfahrungen-transalpin-run-murmelbiere-vor-bergkulisse-1024x768.jpg 1024w, https:\/\/rockyourgoal.de\/wp-content\/uploads\/2023\/09\/erfahrungen-transalpin-run-murmelbiere-vor-bergkulisse-300x225.jpg 300w, https:\/\/rockyourgoal.de\/wp-content\/uploads\/2023\/09\/erfahrungen-transalpin-run-murmelbiere-vor-bergkulisse-768x576.jpg 768w, https:\/\/rockyourgoal.de\/wp-content\/uploads\/2023\/09\/erfahrungen-transalpin-run-murmelbiere-vor-bergkulisse-16x12.jpg 16w, https:\/\/rockyourgoal.de\/wp-content\/uploads\/2023\/09\/erfahrungen-transalpin-run-murmelbiere-vor-bergkulisse.jpg 1210w\" sizes=\"auto, (max-width: 1024px) 100vw, 1024px\" \/><\/a><figcaption class=\"wp-element-caption\">Reini und ich \ud83d\ude42<\/figcaption><\/figure>\n\n\n\n<figure class=\"wp-block-image size-large\"><a href=\"https:\/\/rockyourgoal.de\/wp-content\/uploads\/2023\/09\/erfahrungen-transalpin-run-sicht-vom-gipfelkreuz.jpg\"><img loading=\"lazy\" decoding=\"async\" width=\"756\" height=\"1008\" data-id=\"14060\" src=\"https:\/\/rockyourgoal.de\/wp-content\/uploads\/2023\/09\/erfahrungen-transalpin-run-sicht-vom-gipfelkreuz.jpg\" alt=\"\" class=\"wp-image-14060\" srcset=\"https:\/\/rockyourgoal.de\/wp-content\/uploads\/2023\/09\/erfahrungen-transalpin-run-sicht-vom-gipfelkreuz.jpg 756w, https:\/\/rockyourgoal.de\/wp-content\/uploads\/2023\/09\/erfahrungen-transalpin-run-sicht-vom-gipfelkreuz-225x300.jpg 225w, https:\/\/rockyourgoal.de\/wp-content\/uploads\/2023\/09\/erfahrungen-transalpin-run-sicht-vom-gipfelkreuz-9x12.jpg 9w\" sizes=\"auto, (max-width: 756px) 100vw, 756px\" \/><\/a><figcaption class=\"wp-element-caption\">Auch wenn da ein Kreuz ist, wir sind noch nicht ganz oben<\/figcaption><\/figure>\n\n\n\n<figure class=\"wp-block-image size-large\"><a href=\"https:\/\/rockyourgoal.de\/wp-content\/uploads\/2023\/09\/erfahrungen-transalpin-run-martin-mit-der-glocke.jpg\"><img loading=\"lazy\" decoding=\"async\" width=\"756\" height=\"1008\" data-id=\"14065\" src=\"https:\/\/rockyourgoal.de\/wp-content\/uploads\/2023\/09\/erfahrungen-transalpin-run-martin-mit-der-glocke.jpg\" alt=\"\" class=\"wp-image-14065\" srcset=\"https:\/\/rockyourgoal.de\/wp-content\/uploads\/2023\/09\/erfahrungen-transalpin-run-martin-mit-der-glocke.jpg 756w, https:\/\/rockyourgoal.de\/wp-content\/uploads\/2023\/09\/erfahrungen-transalpin-run-martin-mit-der-glocke-225x300.jpg 225w, https:\/\/rockyourgoal.de\/wp-content\/uploads\/2023\/09\/erfahrungen-transalpin-run-martin-mit-der-glocke-9x12.jpg 9w\" sizes=\"auto, (max-width: 756px) 100vw, 756px\" \/><\/a><figcaption class=\"wp-element-caption\">Martin wartet (wie immer) am h\u00f6chsten Punkt mit seiner Glocke! <\/figcaption><\/figure>\n<\/figure>\n\n\n\n<p> Den ersten Anstieg bew\u00e4ltigen wir fl\u00fcssig, so dass uns Martin (Rennleitung TAR) am h\u00f6chsten Punkt mit der Glocke erwartet. Er sollte \u00fcber die gesamte Zeit ein willkommener und hei\u00df ersehnter Anblick f\u00fcr uns werden. Martin war jeden Tag f\u00fcr uns die Botschaft &#8222;<em>Das Schlimmste ist geschafft, Martin sagt uns, dass wir heute nicht noch h\u00f6her hinaus m\u00fcssen<\/em>&#8222;. <\/p>\n\n\n\n<p>Nun folgt der erste Downhill bis zur ersten Verpflegungsstation. \u00dcber diesen kann ich wenig schreiben, denn es gab nichts Besonderes zu berichten. Anfangs etwas technisch, dann eher einfach. Wir erreichen die Verpflegungsstation und werden mit verschiedenen Getr\u00e4nken (Wasser, Iso-Drinks, Cola etc.) sowie mit kleinen Naschereien, Ost und N\u00fcssen erwartet. Die erste Cutoff-Zeit schaffen wir heute locker. <\/p>\n\n\n\n<p>Mittlerweile brennt die Sonne hei\u00df herunter und wir wissen, dass die n\u00e4chsten zehn Kilometer noch relativ flach sind, dann jedoch (bei der Alpe Rauz) der zweite Anstieg \u00fcber eine Ski-Piste ansteht. Ich versuche mich gut zu hydrieren, nehme noch zwei Gels und laufe ein paar Minuten vor Reinhold. Wir haben das \u00fcber das gesamte Rennen so gemacht, dass ich in meinem Tempo vorausgelaufen bin und dann auf ihn gewartet habe, denn f\u00fcr mich w\u00e4re es schwieriger gewesen meinen Laufrhythmus anzupassen, als etwas zu warten. <\/p>\n\n\n\n<p>Wir beginnen den zweiten Anstieg (steile 500 H\u00f6henmeter) gemeinsam und hier bekommt Reinhold leider k\u00f6rperliche Probleme. Die hohen Temperaturen und die unbarmherzig herunterbrennende Sonne fordern ihren Tribut und Reinhold geht es nicht gut. Er k\u00e4mpft tapfer, macht Pausen und kommt schlie\u00dflich oben an. Hier wartet nicht nur die Matte f\u00fcr die zweite Cutoff-Zeit (die wir auch schaffen), sondern liegt auch die zweite Verpflegungsstation. Dort wird nochmal gut getrunken und wir beginnen (nun mit neuer Energie und Kraft) den Downhill nach St. Anton. <\/p>\n\n\n\n<figure class=\"wp-block-gallery has-nested-images columns-default is-cropped wp-block-gallery-4 is-layout-flex wp-block-gallery-is-layout-flex\">\n<figure class=\"wp-block-image size-large\"><a href=\"https:\/\/rockyourgoal.de\/wp-content\/uploads\/2023\/09\/erfahrungen-transalpin-run-immer-weiter.jpg\"><img loading=\"lazy\" decoding=\"async\" width=\"1024\" height=\"768\" data-id=\"14063\" src=\"https:\/\/rockyourgoal.de\/wp-content\/uploads\/2023\/09\/erfahrungen-transalpin-run-immer-weiter-1024x768.jpg\" alt=\"\" class=\"wp-image-14063\" srcset=\"https:\/\/rockyourgoal.de\/wp-content\/uploads\/2023\/09\/erfahrungen-transalpin-run-immer-weiter-1024x768.jpg 1024w, https:\/\/rockyourgoal.de\/wp-content\/uploads\/2023\/09\/erfahrungen-transalpin-run-immer-weiter-300x225.jpg 300w, https:\/\/rockyourgoal.de\/wp-content\/uploads\/2023\/09\/erfahrungen-transalpin-run-immer-weiter-768x576.jpg 768w, https:\/\/rockyourgoal.de\/wp-content\/uploads\/2023\/09\/erfahrungen-transalpin-run-immer-weiter-16x12.jpg 16w, https:\/\/rockyourgoal.de\/wp-content\/uploads\/2023\/09\/erfahrungen-transalpin-run-immer-weiter.jpg 1130w\" sizes=\"auto, (max-width: 1024px) 100vw, 1024px\" \/><\/a><\/figure>\n\n\n\n<figure class=\"wp-block-image size-large\"><a href=\"https:\/\/rockyourgoal.de\/wp-content\/uploads\/2023\/09\/erfahrungen-transalpin-run-blick-von-oben.jpg\"><img loading=\"lazy\" decoding=\"async\" width=\"1008\" height=\"756\" data-id=\"14064\" src=\"https:\/\/rockyourgoal.de\/wp-content\/uploads\/2023\/09\/erfahrungen-transalpin-run-blick-von-oben.jpg\" alt=\"\" class=\"wp-image-14064\" srcset=\"https:\/\/rockyourgoal.de\/wp-content\/uploads\/2023\/09\/erfahrungen-transalpin-run-blick-von-oben.jpg 1008w, https:\/\/rockyourgoal.de\/wp-content\/uploads\/2023\/09\/erfahrungen-transalpin-run-blick-von-oben-300x225.jpg 300w, https:\/\/rockyourgoal.de\/wp-content\/uploads\/2023\/09\/erfahrungen-transalpin-run-blick-von-oben-768x576.jpg 768w, https:\/\/rockyourgoal.de\/wp-content\/uploads\/2023\/09\/erfahrungen-transalpin-run-blick-von-oben-16x12.jpg 16w\" sizes=\"auto, (max-width: 1008px) 100vw, 1008px\" \/><\/a><\/figure>\n\n\n\n<figure class=\"wp-block-image size-large\"><a href=\"https:\/\/rockyourgoal.de\/wp-content\/uploads\/2023\/09\/erfahrungen-transalpin-run-reinhold-beim-aufstieg.jpg\"><img loading=\"lazy\" decoding=\"async\" width=\"727\" height=\"968\" data-id=\"14062\" src=\"https:\/\/rockyourgoal.de\/wp-content\/uploads\/2023\/09\/erfahrungen-transalpin-run-reinhold-beim-aufstieg.jpg\" alt=\"\" class=\"wp-image-14062\" srcset=\"https:\/\/rockyourgoal.de\/wp-content\/uploads\/2023\/09\/erfahrungen-transalpin-run-reinhold-beim-aufstieg.jpg 727w, https:\/\/rockyourgoal.de\/wp-content\/uploads\/2023\/09\/erfahrungen-transalpin-run-reinhold-beim-aufstieg-225x300.jpg 225w, https:\/\/rockyourgoal.de\/wp-content\/uploads\/2023\/09\/erfahrungen-transalpin-run-reinhold-beim-aufstieg-9x12.jpg 9w\" sizes=\"auto, (max-width: 727px) 100vw, 727px\" \/><\/a><figcaption class=\"wp-element-caption\">Reinhold hat den zweiten Anstieg fast geschafft<\/figcaption><\/figure>\n\n\n\n<figure class=\"wp-block-image size-large\"><a href=\"https:\/\/rockyourgoal.de\/wp-content\/uploads\/2023\/09\/erfahrungen-transalpin-run-uwe-in-den-bergen.jpg\"><img loading=\"lazy\" decoding=\"async\" width=\"1024\" height=\"684\" data-id=\"14071\" src=\"https:\/\/rockyourgoal.de\/wp-content\/uploads\/2023\/09\/erfahrungen-transalpin-run-uwe-in-den-bergen-1024x684.jpg\" alt=\"\" class=\"wp-image-14071\" srcset=\"https:\/\/rockyourgoal.de\/wp-content\/uploads\/2023\/09\/erfahrungen-transalpin-run-uwe-in-den-bergen-1024x684.jpg 1024w, https:\/\/rockyourgoal.de\/wp-content\/uploads\/2023\/09\/erfahrungen-transalpin-run-uwe-in-den-bergen-300x200.jpg 300w, https:\/\/rockyourgoal.de\/wp-content\/uploads\/2023\/09\/erfahrungen-transalpin-run-uwe-in-den-bergen-768x513.jpg 768w, https:\/\/rockyourgoal.de\/wp-content\/uploads\/2023\/09\/erfahrungen-transalpin-run-uwe-in-den-bergen-18x12.jpg 18w, https:\/\/rockyourgoal.de\/wp-content\/uploads\/2023\/09\/erfahrungen-transalpin-run-uwe-in-den-bergen.jpg 1200w\" sizes=\"auto, (max-width: 1024px) 100vw, 1024px\" \/><\/a><figcaption class=\"wp-element-caption\">In den Bergen<\/figcaption><\/figure>\n\n\n\n<figure class=\"wp-block-image size-large\"><a href=\"https:\/\/rockyourgoal.de\/wp-content\/uploads\/2023\/09\/erfahrungen-transalpin-run-uwe-gluecklich.jpg\"><img loading=\"lazy\" decoding=\"async\" width=\"1024\" height=\"683\" data-id=\"14072\" src=\"https:\/\/rockyourgoal.de\/wp-content\/uploads\/2023\/09\/erfahrungen-transalpin-run-uwe-gluecklich-1024x683.jpg\" alt=\"\" class=\"wp-image-14072\" srcset=\"https:\/\/rockyourgoal.de\/wp-content\/uploads\/2023\/09\/erfahrungen-transalpin-run-uwe-gluecklich-1024x683.jpg 1024w, https:\/\/rockyourgoal.de\/wp-content\/uploads\/2023\/09\/erfahrungen-transalpin-run-uwe-gluecklich-300x200.jpg 300w, https:\/\/rockyourgoal.de\/wp-content\/uploads\/2023\/09\/erfahrungen-transalpin-run-uwe-gluecklich-768x512.jpg 768w, https:\/\/rockyourgoal.de\/wp-content\/uploads\/2023\/09\/erfahrungen-transalpin-run-uwe-gluecklich-1536x1025.jpg 1536w, https:\/\/rockyourgoal.de\/wp-content\/uploads\/2023\/09\/erfahrungen-transalpin-run-uwe-gluecklich-18x12.jpg 18w, https:\/\/rockyourgoal.de\/wp-content\/uploads\/2023\/09\/erfahrungen-transalpin-run-uwe-gluecklich.jpg 1800w\" sizes=\"auto, (max-width: 1024px) 100vw, 1024px\" \/><\/a><figcaption class=\"wp-element-caption\">..ist man einfach gl\u00fccklich<\/figcaption><\/figure>\n<\/figure>\n\n\n\n<p>Nun nehmen wir wieder etwas Tempo auf und machen uns daran die letzten acht Downhill-Kilometer zu bew\u00e4ltigen. Das macht uns keine Schwierigkeiten und die Landschaft ist nach wie vor wunderbar. Wir kommen noch an einem See vorbei und sehen St. Anton bereits von Weitem. Doch bis ins Ziel zieht sich die Strecke noch etwas. Das soll \u00fcbrigens all die Tage so bleiben. Immer wenn wir glauben es fast geschafft zu haben, liegen trotzdem noch ein paar Kilometer vor uns. \ud83d\ude42<\/p>\n\n\n\n<figure class=\"wp-block-gallery has-nested-images columns-default is-cropped wp-block-gallery-5 is-layout-flex wp-block-gallery-is-layout-flex\">\n<figure class=\"wp-block-image size-large\"><a href=\"https:\/\/rockyourgoal.de\/wp-content\/uploads\/2023\/09\/erfahrungen-transalpin-run-uwe-see-erste-etappe.jpg\"><img loading=\"lazy\" decoding=\"async\" width=\"1024\" height=\"684\" data-id=\"14069\" src=\"https:\/\/rockyourgoal.de\/wp-content\/uploads\/2023\/09\/erfahrungen-transalpin-run-uwe-see-erste-etappe-1024x684.jpg\" alt=\"\" class=\"wp-image-14069\" srcset=\"https:\/\/rockyourgoal.de\/wp-content\/uploads\/2023\/09\/erfahrungen-transalpin-run-uwe-see-erste-etappe-1024x684.jpg 1024w, https:\/\/rockyourgoal.de\/wp-content\/uploads\/2023\/09\/erfahrungen-transalpin-run-uwe-see-erste-etappe-300x200.jpg 300w, https:\/\/rockyourgoal.de\/wp-content\/uploads\/2023\/09\/erfahrungen-transalpin-run-uwe-see-erste-etappe-768x513.jpg 768w, https:\/\/rockyourgoal.de\/wp-content\/uploads\/2023\/09\/erfahrungen-transalpin-run-uwe-see-erste-etappe-18x12.jpg 18w, https:\/\/rockyourgoal.de\/wp-content\/uploads\/2023\/09\/erfahrungen-transalpin-run-uwe-see-erste-etappe.jpg 1200w\" sizes=\"auto, (max-width: 1024px) 100vw, 1024px\" \/><\/a><figcaption class=\"wp-element-caption\">Fast unten, aber noch \u00fcberrascht uns ein sch\u00f6ner See<\/figcaption><\/figure>\n\n\n\n<figure class=\"wp-block-image size-large\"><a href=\"https:\/\/rockyourgoal.de\/wp-content\/uploads\/2023\/09\/erfahrungen-transalpin-run-uwe-see.jpg\"><img loading=\"lazy\" decoding=\"async\" width=\"980\" height=\"654\" data-id=\"14070\" src=\"https:\/\/rockyourgoal.de\/wp-content\/uploads\/2023\/09\/erfahrungen-transalpin-run-uwe-see.jpg\" alt=\"\" class=\"wp-image-14070\" srcset=\"https:\/\/rockyourgoal.de\/wp-content\/uploads\/2023\/09\/erfahrungen-transalpin-run-uwe-see.jpg 980w, https:\/\/rockyourgoal.de\/wp-content\/uploads\/2023\/09\/erfahrungen-transalpin-run-uwe-see-300x200.jpg 300w, https:\/\/rockyourgoal.de\/wp-content\/uploads\/2023\/09\/erfahrungen-transalpin-run-uwe-see-768x513.jpg 768w, https:\/\/rockyourgoal.de\/wp-content\/uploads\/2023\/09\/erfahrungen-transalpin-run-uwe-see-18x12.jpg 18w\" sizes=\"auto, (max-width: 980px) 100vw, 980px\" \/><\/a><\/figure>\n\n\n\n<figure class=\"wp-block-image size-large\"><a href=\"https:\/\/rockyourgoal.de\/wp-content\/uploads\/2023\/09\/erfahrungen-transalpin-run-zieleinlauf.jpg\"><img loading=\"lazy\" decoding=\"async\" width=\"587\" height=\"777\" data-id=\"14061\" src=\"https:\/\/rockyourgoal.de\/wp-content\/uploads\/2023\/09\/erfahrungen-transalpin-run-zieleinlauf.jpg\" alt=\"\" class=\"wp-image-14061\" srcset=\"https:\/\/rockyourgoal.de\/wp-content\/uploads\/2023\/09\/erfahrungen-transalpin-run-zieleinlauf.jpg 587w, https:\/\/rockyourgoal.de\/wp-content\/uploads\/2023\/09\/erfahrungen-transalpin-run-zieleinlauf-227x300.jpg 227w, https:\/\/rockyourgoal.de\/wp-content\/uploads\/2023\/09\/erfahrungen-transalpin-run-zieleinlauf-9x12.jpg 9w\" sizes=\"auto, (max-width: 587px) 100vw, 587px\" \/><\/a><figcaption class=\"wp-element-caption\">In St. Anton angekommen und nahe am Ziel<\/figcaption><\/figure>\n<\/figure>\n\n\n\n<p>Nun h\u00f6ren wir auch schon die Musik und die Stimme des Moderators. Wir haben es geschafft! Die erste Etappe ist gemeistert!<\/p>\n\n\n\n<p>Wir duschen, g\u00f6nnen uns ein weiteres Kaltgetr\u00e4nk, einen Kaffee und gehen zur Pasta-Party zum Abendessen und Briefing f\u00fcr den zweiten Tag. <\/p>\n\n\n\n<p>Hier ist die offizielle Tageszusammenfassung der ersten Etappe in Bildern \ud83d\ude42 Einfach sch\u00f6n!<\/p>\n\n\n\n<figure class=\"wp-block-embed is-type-video is-provider-youtube wp-block-embed-youtube wp-embed-aspect-16-9 wp-has-aspect-ratio\"><div class=\"wp-block-embed__wrapper\">\n<iframe loading=\"lazy\" title=\"Stage 1 Highlight Clip Dynafit Transalpine Run powered by Volkswagen R 2023\" width=\"800\" height=\"450\" src=\"https:\/\/www.youtube.com\/embed\/52KIfcSyPT4?feature=oembed\" frameborder=\"0\" allow=\"accelerometer; autoplay; clipboard-write; encrypted-media; gyroscope; picture-in-picture; web-share\" allowfullscreen><\/iframe>\n<\/div><\/figure>\n\n\n\n<h2 class=\"wp-block-heading\">Transalpine Run 2023 &#8211; Zweite Etappe &#8211; Von St. Anton nach Ischgl<\/h2>\n\n\n\n<p>Um kurz vor 08:00 Uhr stehen wir wieder in dem Startblock. Die Stimmung ist gut. Meine Muskeln sind zwar leicht angespannt, schmerzen aber nicht und auch die Sehnen, B\u00e4nder und Knochen sind fit. Heute soll wieder ein sonniger Tag werden und vor uns stehen <em>30 Kilometer und 1450 H\u00f6henmeter<\/em>. Im Verh\u00e4ltnis zu den anderen TAR-Etappen ist diese Etappe also eher kurz. Diese Strecke ist eine &#8222;Ausweichstrecke&#8220;, denn es gab die letzten Tage einen Murenabgang der logistische Probleme f\u00fcr die Rettungskr\u00e4fte gebracht h\u00e4tte. Deshalb wurde die urspr\u00fcngliche Strecke ge\u00e4ndert. <\/p>\n\n\n\n<div class=\"strava-embed-placeholder\" data-embed-type=\"activity\" data-embed-id=\"9821152254\"><\/div><script src=\"https:\/\/strava-embeds.com\/embed.js\"><\/script>\n\n\n\n<figure class=\"wp-block-image size-large\"><a href=\"https:\/\/rockyourgoal.de\/wp-content\/uploads\/2023\/09\/TAR-ISCHGL.png\"><img loading=\"lazy\" decoding=\"async\" width=\"933\" height=\"667\" src=\"https:\/\/rockyourgoal.de\/wp-content\/uploads\/2023\/09\/TAR-ISCHGL-933x667.png\" alt=\"\" class=\"wp-image-14150\" srcset=\"https:\/\/rockyourgoal.de\/wp-content\/uploads\/2023\/09\/TAR-ISCHGL.png 933w, https:\/\/rockyourgoal.de\/wp-content\/uploads\/2023\/09\/TAR-ISCHGL-768x549.png 768w, https:\/\/rockyourgoal.de\/wp-content\/uploads\/2023\/09\/TAR-ISCHGL-18x12.png 18w\" sizes=\"auto, (max-width: 933px) 100vw, 933px\" \/><\/a><figcaption class=\"wp-element-caption\">Route der zweiten Etappe (Quelle: <a href=\"https:\/\/transalpine-run.com\/strecke\/\">transalpine-run.com<\/a>)<\/figcaption><\/figure>\n\n\n\n<p>Laut Briefing befindet sich die erste Verpflegungsstelle bei Kilometer 11 (dort liegt auch die erste Cutoff-Zeit). Danach geht es hoch auf das Schafbichl Joch und wieder herunter zur Konstanzer H\u00fctte. Die zweite Verpflegungsstelle liegt bei Kilometer 22 (auch dort mit Zeitnahme und Cutoff-Time). <\/p>\n\n\n\n<p>Hier ist das offizielle Briefing mit Martin zur zweiten Etappe:<\/p>\n\n\n\n<figure class=\"wp-block-embed is-type-video is-provider-youtube wp-block-embed-youtube wp-embed-aspect-16-9 wp-has-aspect-ratio\"><div class=\"wp-block-embed__wrapper\">\n<iframe loading=\"lazy\" title=\"Stage 2 Course Briefing Dynafit Transalpine Run powered by Volkswagen R 2023\" width=\"800\" height=\"450\" src=\"https:\/\/www.youtube.com\/embed\/kk0KwL2pIdY?feature=oembed\" frameborder=\"0\" allow=\"accelerometer; autoplay; clipboard-write; encrypted-media; gyroscope; picture-in-picture; web-share\" allowfullscreen><\/iframe>\n<\/div><figcaption class=\"wp-element-caption\">Briefing mit Martin<\/figcaption><\/figure>\n\n\n\n<p>Mit dem Tagesmotto &#8222;<em>Don\u00b4t touch the cow<\/em>&#8220; laufen wir zu den Highway to Hell &#8211; Kl\u00e4ngen los. Innerhalb St. Antons ist es noch flach, dann beginnt ein langer, langgezogener aber nicht steiler Anstieg. <\/p>\n\n\n\n<figure class=\"wp-block-gallery has-nested-images columns-default is-cropped wp-block-gallery-6 is-layout-flex wp-block-gallery-is-layout-flex\">\n<figure class=\"wp-block-image size-large\"><a href=\"https:\/\/rockyourgoal.de\/wp-content\/uploads\/2023\/09\/erfahrungen-transalpin-run-etappe2-im-aufstieg.jpg\"><img loading=\"lazy\" decoding=\"async\" width=\"854\" height=\"784\" data-id=\"14108\" src=\"https:\/\/rockyourgoal.de\/wp-content\/uploads\/2023\/09\/erfahrungen-transalpin-run-etappe2-im-aufstieg.jpg\" alt=\"\" class=\"wp-image-14108\" srcset=\"https:\/\/rockyourgoal.de\/wp-content\/uploads\/2023\/09\/erfahrungen-transalpin-run-etappe2-im-aufstieg.jpg 854w, https:\/\/rockyourgoal.de\/wp-content\/uploads\/2023\/09\/erfahrungen-transalpin-run-etappe2-im-aufstieg-300x275.jpg 300w, https:\/\/rockyourgoal.de\/wp-content\/uploads\/2023\/09\/erfahrungen-transalpin-run-etappe2-im-aufstieg-768x705.jpg 768w, https:\/\/rockyourgoal.de\/wp-content\/uploads\/2023\/09\/erfahrungen-transalpin-run-etappe2-im-aufstieg-13x12.jpg 13w\" sizes=\"auto, (max-width: 854px) 100vw, 854px\" \/><\/a><figcaption class=\"wp-element-caption\">Der Anstieg ist anfangs sehr flach, aber stetig<\/figcaption><\/figure>\n\n\n\n<figure class=\"wp-block-image size-large\"><a href=\"https:\/\/rockyourgoal.de\/wp-content\/uploads\/2023\/09\/erfahrungen-transalpin-run-etappe2-klarer-bach.jpg\"><img loading=\"lazy\" decoding=\"async\" width=\"605\" height=\"807\" data-id=\"14106\" src=\"https:\/\/rockyourgoal.de\/wp-content\/uploads\/2023\/09\/erfahrungen-transalpin-run-etappe2-klarer-bach.jpg\" alt=\"\" class=\"wp-image-14106\" srcset=\"https:\/\/rockyourgoal.de\/wp-content\/uploads\/2023\/09\/erfahrungen-transalpin-run-etappe2-klarer-bach.jpg 605w, https:\/\/rockyourgoal.de\/wp-content\/uploads\/2023\/09\/erfahrungen-transalpin-run-etappe2-klarer-bach-225x300.jpg 225w, https:\/\/rockyourgoal.de\/wp-content\/uploads\/2023\/09\/erfahrungen-transalpin-run-etappe2-klarer-bach-9x12.jpg 9w\" sizes=\"auto, (max-width: 605px) 100vw, 605px\" \/><\/a><figcaption class=\"wp-element-caption\">Wir laufen in totaler Einsamkeit<\/figcaption><\/figure>\n\n\n\n<figure class=\"wp-block-image size-large\"><a href=\"https:\/\/rockyourgoal.de\/wp-content\/uploads\/2023\/09\/erfahrungen-transalpin-run-etappe2-bergparadies.jpg\"><img loading=\"lazy\" decoding=\"async\" width=\"968\" height=\"727\" data-id=\"14105\" src=\"https:\/\/rockyourgoal.de\/wp-content\/uploads\/2023\/09\/erfahrungen-transalpin-run-etappe2-bergparadies.jpg\" alt=\"\" class=\"wp-image-14105\" srcset=\"https:\/\/rockyourgoal.de\/wp-content\/uploads\/2023\/09\/erfahrungen-transalpin-run-etappe2-bergparadies.jpg 968w, https:\/\/rockyourgoal.de\/wp-content\/uploads\/2023\/09\/erfahrungen-transalpin-run-etappe2-bergparadies-300x225.jpg 300w, https:\/\/rockyourgoal.de\/wp-content\/uploads\/2023\/09\/erfahrungen-transalpin-run-etappe2-bergparadies-768x577.jpg 768w, https:\/\/rockyourgoal.de\/wp-content\/uploads\/2023\/09\/erfahrungen-transalpin-run-etappe2-bergparadies-16x12.jpg 16w\" sizes=\"auto, (max-width: 968px) 100vw, 968px\" \/><\/a><figcaption class=\"wp-element-caption\">Vorbei an klaren B\u00e4chen<\/figcaption><\/figure>\n\n\n\n<figure class=\"wp-block-image size-large\"><a href=\"https:\/\/rockyourgoal.de\/wp-content\/uploads\/2023\/09\/erfahrungen-transalpin-run-etappe2-massiv.jpg\"><img loading=\"lazy\" decoding=\"async\" width=\"908\" height=\"861\" data-id=\"14107\" src=\"https:\/\/rockyourgoal.de\/wp-content\/uploads\/2023\/09\/erfahrungen-transalpin-run-etappe2-massiv.jpg\" alt=\"\" class=\"wp-image-14107\" srcset=\"https:\/\/rockyourgoal.de\/wp-content\/uploads\/2023\/09\/erfahrungen-transalpin-run-etappe2-massiv.jpg 908w, https:\/\/rockyourgoal.de\/wp-content\/uploads\/2023\/09\/erfahrungen-transalpin-run-etappe2-massiv-300x284.jpg 300w, https:\/\/rockyourgoal.de\/wp-content\/uploads\/2023\/09\/erfahrungen-transalpin-run-etappe2-massiv-768x728.jpg 768w, https:\/\/rockyourgoal.de\/wp-content\/uploads\/2023\/09\/erfahrungen-transalpin-run-etappe2-massiv-13x12.jpg 13w\" sizes=\"auto, (max-width: 908px) 100vw, 908px\" \/><\/a><figcaption class=\"wp-element-caption\">Bewacht von massivem Fels<\/figcaption><\/figure>\n\n\n\n<figure class=\"wp-block-image size-large\"><a href=\"https:\/\/rockyourgoal.de\/wp-content\/uploads\/2023\/09\/erfahrungen-transalpin-run-etappe2-berg.jpg\"><img loading=\"lazy\" decoding=\"async\" width=\"904\" height=\"937\" data-id=\"14109\" src=\"https:\/\/rockyourgoal.de\/wp-content\/uploads\/2023\/09\/erfahrungen-transalpin-run-etappe2-berg.jpg\" alt=\"\" class=\"wp-image-14109\" srcset=\"https:\/\/rockyourgoal.de\/wp-content\/uploads\/2023\/09\/erfahrungen-transalpin-run-etappe2-berg.jpg 904w, https:\/\/rockyourgoal.de\/wp-content\/uploads\/2023\/09\/erfahrungen-transalpin-run-etappe2-berg-289x300.jpg 289w, https:\/\/rockyourgoal.de\/wp-content\/uploads\/2023\/09\/erfahrungen-transalpin-run-etappe2-berg-768x796.jpg 768w, https:\/\/rockyourgoal.de\/wp-content\/uploads\/2023\/09\/erfahrungen-transalpin-run-etappe2-berg-12x12.jpg 12w\" sizes=\"auto, (max-width: 904px) 100vw, 904px\" \/><\/a><figcaption class=\"wp-element-caption\">Im Blick stets der Berg<\/figcaption><\/figure>\n<\/figure>\n\n\n\n<p>Es ist erst der zweite Tag und wir k\u00f6nnen unser Tempo noch schwer einsch\u00e4tzen. Deshalb versuchen wir m\u00f6glichst nicht zu sandeln sondern z\u00fcgig voranzukommen. Viel kann bei diesen sanften Anstiegen gelaufen werden, Manches muss flott gewandert werden. Die St\u00f6cke werden f\u00fcr mich bei Anstiegen immer wichtiger, auch wenn ich sie oft nur mitschleppe. <\/p>\n\n\n\n<p>Die erste Verpflegungsstation erreichen wir ohne gro\u00dfe Probleme und innerhalb der Cutoff-Zeit. Uns ist bewusst, dass es ab hier etwas steiler wird. Nun sehen wir auch die mit dem Motto &#8222;don\u00b4t touch the cows&#8220; angepriesenen, schottischen Hochlandrinder. Es sind traumhaft sch\u00f6ne Tiere!<\/p>\n\n\n\n<figure class=\"wp-block-gallery has-nested-images columns-default is-cropped wp-block-gallery-7 is-layout-flex wp-block-gallery-is-layout-flex\">\n<figure class=\"wp-block-image size-large\"><a href=\"https:\/\/rockyourgoal.de\/wp-content\/uploads\/2023\/09\/erfahrungen-transalpin-run-2023-schottisches-hochlandrind.jpg\"><img loading=\"lazy\" decoding=\"async\" width=\"1024\" height=\"768\" data-id=\"14161\" src=\"https:\/\/rockyourgoal.de\/wp-content\/uploads\/2023\/09\/erfahrungen-transalpin-run-2023-schottisches-hochlandrind.jpg\" alt=\"\" class=\"wp-image-14161\" srcset=\"https:\/\/rockyourgoal.de\/wp-content\/uploads\/2023\/09\/erfahrungen-transalpin-run-2023-schottisches-hochlandrind.jpg 1024w, https:\/\/rockyourgoal.de\/wp-content\/uploads\/2023\/09\/erfahrungen-transalpin-run-2023-schottisches-hochlandrind-300x225.jpg 300w, https:\/\/rockyourgoal.de\/wp-content\/uploads\/2023\/09\/erfahrungen-transalpin-run-2023-schottisches-hochlandrind-768x576.jpg 768w, https:\/\/rockyourgoal.de\/wp-content\/uploads\/2023\/09\/erfahrungen-transalpin-run-2023-schottisches-hochlandrind-16x12.jpg 16w\" sizes=\"auto, (max-width: 1024px) 100vw, 1024px\" \/><\/a><figcaption class=\"wp-element-caption\">&#8222;Don\u00b4t touch the Cow&#8220;<\/figcaption><\/figure>\n\n\n\n<figure class=\"wp-block-image size-large\"><a href=\"https:\/\/rockyourgoal.de\/wp-content\/uploads\/2023\/09\/erfahrungen-transalpin-run-etappe2-laeufer-am-gletschersee.jpg\"><img loading=\"lazy\" decoding=\"async\" width=\"1024\" height=\"768\" data-id=\"14112\" src=\"https:\/\/rockyourgoal.de\/wp-content\/uploads\/2023\/09\/erfahrungen-transalpin-run-etappe2-laeufer-am-gletschersee-1024x768.jpg\" alt=\"\" class=\"wp-image-14112\" srcset=\"https:\/\/rockyourgoal.de\/wp-content\/uploads\/2023\/09\/erfahrungen-transalpin-run-etappe2-laeufer-am-gletschersee-1024x768.jpg 1024w, https:\/\/rockyourgoal.de\/wp-content\/uploads\/2023\/09\/erfahrungen-transalpin-run-etappe2-laeufer-am-gletschersee-300x225.jpg 300w, https:\/\/rockyourgoal.de\/wp-content\/uploads\/2023\/09\/erfahrungen-transalpin-run-etappe2-laeufer-am-gletschersee-768x576.jpg 768w, https:\/\/rockyourgoal.de\/wp-content\/uploads\/2023\/09\/erfahrungen-transalpin-run-etappe2-laeufer-am-gletschersee-16x12.jpg 16w, https:\/\/rockyourgoal.de\/wp-content\/uploads\/2023\/09\/erfahrungen-transalpin-run-etappe2-laeufer-am-gletschersee.jpg 1412w\" sizes=\"auto, (max-width: 1024px) 100vw, 1024px\" \/><\/a><\/figure>\n\n\n\n<figure class=\"wp-block-image size-large\"><a href=\"https:\/\/rockyourgoal.de\/wp-content\/uploads\/2023\/09\/erfahrungen-transalpin-run-etappe2-gletschersee.jpg\"><img loading=\"lazy\" decoding=\"async\" width=\"1024\" height=\"768\" data-id=\"14113\" src=\"https:\/\/rockyourgoal.de\/wp-content\/uploads\/2023\/09\/erfahrungen-transalpin-run-etappe2-gletschersee-1024x768.jpg\" alt=\"\" class=\"wp-image-14113\" srcset=\"https:\/\/rockyourgoal.de\/wp-content\/uploads\/2023\/09\/erfahrungen-transalpin-run-etappe2-gletschersee-1024x768.jpg 1024w, https:\/\/rockyourgoal.de\/wp-content\/uploads\/2023\/09\/erfahrungen-transalpin-run-etappe2-gletschersee-300x225.jpg 300w, https:\/\/rockyourgoal.de\/wp-content\/uploads\/2023\/09\/erfahrungen-transalpin-run-etappe2-gletschersee-768x576.jpg 768w, https:\/\/rockyourgoal.de\/wp-content\/uploads\/2023\/09\/erfahrungen-transalpin-run-etappe2-gletschersee-16x12.jpg 16w, https:\/\/rockyourgoal.de\/wp-content\/uploads\/2023\/09\/erfahrungen-transalpin-run-etappe2-gletschersee.jpg 1412w\" sizes=\"auto, (max-width: 1024px) 100vw, 1024px\" \/><\/a><\/figure>\n\n\n\n<figure class=\"wp-block-image size-large\"><a href=\"https:\/\/rockyourgoal.de\/wp-content\/uploads\/2023\/09\/erfahrungen-transalpin-run-etappe2-reini.jpg\"><img loading=\"lazy\" decoding=\"async\" width=\"807\" height=\"605\" data-id=\"14116\" src=\"https:\/\/rockyourgoal.de\/wp-content\/uploads\/2023\/09\/erfahrungen-transalpin-run-etappe2-reini.jpg\" alt=\"\" class=\"wp-image-14116\" srcset=\"https:\/\/rockyourgoal.de\/wp-content\/uploads\/2023\/09\/erfahrungen-transalpin-run-etappe2-reini.jpg 807w, https:\/\/rockyourgoal.de\/wp-content\/uploads\/2023\/09\/erfahrungen-transalpin-run-etappe2-reini-300x225.jpg 300w, https:\/\/rockyourgoal.de\/wp-content\/uploads\/2023\/09\/erfahrungen-transalpin-run-etappe2-reini-768x576.jpg 768w, https:\/\/rockyourgoal.de\/wp-content\/uploads\/2023\/09\/erfahrungen-transalpin-run-etappe2-reini-16x12.jpg 16w\" sizes=\"auto, (max-width: 807px) 100vw, 807px\" \/><\/a><figcaption class=\"wp-element-caption\">Reini on tour<\/figcaption><\/figure>\n\n\n\n<figure class=\"wp-block-image size-large\"><a href=\"https:\/\/rockyourgoal.de\/wp-content\/uploads\/2023\/09\/erfahrungen-transalpin-run-etappe2-henriette.jpg\"><img loading=\"lazy\" decoding=\"async\" width=\"696\" height=\"927\" data-id=\"14115\" src=\"https:\/\/rockyourgoal.de\/wp-content\/uploads\/2023\/09\/erfahrungen-transalpin-run-etappe2-henriette.jpg\" alt=\"\" class=\"wp-image-14115\" srcset=\"https:\/\/rockyourgoal.de\/wp-content\/uploads\/2023\/09\/erfahrungen-transalpin-run-etappe2-henriette.jpg 696w, https:\/\/rockyourgoal.de\/wp-content\/uploads\/2023\/09\/erfahrungen-transalpin-run-etappe2-henriette-225x300.jpg 225w, https:\/\/rockyourgoal.de\/wp-content\/uploads\/2023\/09\/erfahrungen-transalpin-run-etappe2-henriette-9x12.jpg 9w\" sizes=\"auto, (max-width: 696px) 100vw, 696px\" \/><\/a><figcaption class=\"wp-element-caption\">Foto mit der Medical Crew und &#8222;Henriette&#8220; (das Huhn)<\/figcaption><\/figure>\n\n\n\n<figure class=\"wp-block-image size-large\"><a href=\"https:\/\/rockyourgoal.de\/wp-content\/uploads\/2023\/09\/erfahrungen-transalpin-run-etappe2-hochgebirge.jpg\"><img loading=\"lazy\" decoding=\"async\" width=\"605\" height=\"807\" data-id=\"14114\" src=\"https:\/\/rockyourgoal.de\/wp-content\/uploads\/2023\/09\/erfahrungen-transalpin-run-etappe2-hochgebirge.jpg\" alt=\"\" class=\"wp-image-14114\" srcset=\"https:\/\/rockyourgoal.de\/wp-content\/uploads\/2023\/09\/erfahrungen-transalpin-run-etappe2-hochgebirge.jpg 605w, https:\/\/rockyourgoal.de\/wp-content\/uploads\/2023\/09\/erfahrungen-transalpin-run-etappe2-hochgebirge-225x300.jpg 225w, https:\/\/rockyourgoal.de\/wp-content\/uploads\/2023\/09\/erfahrungen-transalpin-run-etappe2-hochgebirge-9x12.jpg 9w\" sizes=\"auto, (max-width: 605px) 100vw, 605px\" \/><\/a><\/figure>\n<\/figure>\n\n\n\n<p>Der Anstieg zum Schafbichl Joch zehrt an den Kr\u00e4ften, auch wenn die richtig steilen Stellen ausbleiben. Die Gegend hier ist einfach wundervoll und ich bin dankbar, immer wieder anhalten zu k\u00f6nnen, die Aussicht zu genie\u00dfen und das eine oder andere Foto machen zu k\u00f6nnen. Soviel Zeit muss sein! Ich bin hier in einem Trail-Rennen aber ich bin auch (Cutoffs hin oder her) auf einer Alpen\u00fcberquerung die ich genie\u00dfen m\u00f6chte. Und das tu ich auch. <\/p>\n\n\n\n<figure class=\"wp-block-gallery has-nested-images columns-default is-cropped wp-block-gallery-8 is-layout-flex wp-block-gallery-is-layout-flex\">\n<figure class=\"wp-block-image size-large\"><a href=\"https:\/\/rockyourgoal.de\/wp-content\/uploads\/2023\/09\/erfahrungen-transalpin-run-etappe2-spass.jpg\"><img loading=\"lazy\" decoding=\"async\" width=\"1024\" height=\"683\" data-id=\"14117\" src=\"https:\/\/rockyourgoal.de\/wp-content\/uploads\/2023\/09\/erfahrungen-transalpin-run-etappe2-spass-1024x683.jpg\" alt=\"\" class=\"wp-image-14117\" srcset=\"https:\/\/rockyourgoal.de\/wp-content\/uploads\/2023\/09\/erfahrungen-transalpin-run-etappe2-spass-1024x683.jpg 1024w, https:\/\/rockyourgoal.de\/wp-content\/uploads\/2023\/09\/erfahrungen-transalpin-run-etappe2-spass-300x200.jpg 300w, https:\/\/rockyourgoal.de\/wp-content\/uploads\/2023\/09\/erfahrungen-transalpin-run-etappe2-spass-768x512.jpg 768w, https:\/\/rockyourgoal.de\/wp-content\/uploads\/2023\/09\/erfahrungen-transalpin-run-etappe2-spass-18x12.jpg 18w, https:\/\/rockyourgoal.de\/wp-content\/uploads\/2023\/09\/erfahrungen-transalpin-run-etappe2-spass.jpg 1400w\" sizes=\"auto, (max-width: 1024px) 100vw, 1024px\" \/><\/a><figcaption class=\"wp-element-caption\">Fast ganz oben<\/figcaption><\/figure>\n\n\n\n<figure class=\"wp-block-image size-large\"><a href=\"https:\/\/rockyourgoal.de\/wp-content\/uploads\/2023\/09\/erfahrungen-transalpin-run-etappe2-interessiert.jpg\"><img loading=\"lazy\" decoding=\"async\" width=\"1024\" height=\"683\" data-id=\"14118\" src=\"https:\/\/rockyourgoal.de\/wp-content\/uploads\/2023\/09\/erfahrungen-transalpin-run-etappe2-interessiert-1024x683.jpg\" alt=\"\" class=\"wp-image-14118\" srcset=\"https:\/\/rockyourgoal.de\/wp-content\/uploads\/2023\/09\/erfahrungen-transalpin-run-etappe2-interessiert-1024x683.jpg 1024w, https:\/\/rockyourgoal.de\/wp-content\/uploads\/2023\/09\/erfahrungen-transalpin-run-etappe2-interessiert-300x200.jpg 300w, https:\/\/rockyourgoal.de\/wp-content\/uploads\/2023\/09\/erfahrungen-transalpin-run-etappe2-interessiert-768x512.jpg 768w, https:\/\/rockyourgoal.de\/wp-content\/uploads\/2023\/09\/erfahrungen-transalpin-run-etappe2-interessiert-1536x1024.jpg 1536w, https:\/\/rockyourgoal.de\/wp-content\/uploads\/2023\/09\/erfahrungen-transalpin-run-etappe2-interessiert-18x12.jpg 18w, https:\/\/rockyourgoal.de\/wp-content\/uploads\/2023\/09\/erfahrungen-transalpin-run-etappe2-interessiert.jpg 1600w\" sizes=\"auto, (max-width: 1024px) 100vw, 1024px\" \/><\/a><figcaption class=\"wp-element-caption\">Schroff&#8230;<\/figcaption><\/figure>\n\n\n\n<figure class=\"wp-block-image size-large\"><a href=\"https:\/\/rockyourgoal.de\/wp-content\/uploads\/2023\/09\/erfahrungen-transalpin-run-etappe2-muede.jpg\"><img loading=\"lazy\" decoding=\"async\" width=\"683\" height=\"1024\" data-id=\"14119\" src=\"https:\/\/rockyourgoal.de\/wp-content\/uploads\/2023\/09\/erfahrungen-transalpin-run-etappe2-muede-683x1024.jpg\" alt=\"\" class=\"wp-image-14119\" srcset=\"https:\/\/rockyourgoal.de\/wp-content\/uploads\/2023\/09\/erfahrungen-transalpin-run-etappe2-muede-683x1024.jpg 683w, https:\/\/rockyourgoal.de\/wp-content\/uploads\/2023\/09\/erfahrungen-transalpin-run-etappe2-muede-200x300.jpg 200w, https:\/\/rockyourgoal.de\/wp-content\/uploads\/2023\/09\/erfahrungen-transalpin-run-etappe2-muede-768x1152.jpg 768w, https:\/\/rockyourgoal.de\/wp-content\/uploads\/2023\/09\/erfahrungen-transalpin-run-etappe2-muede-8x12.jpg 8w, https:\/\/rockyourgoal.de\/wp-content\/uploads\/2023\/09\/erfahrungen-transalpin-run-etappe2-muede.jpg 800w\" sizes=\"auto, (max-width: 683px) 100vw, 683px\" \/><\/a><figcaption class=\"wp-element-caption\">aber sch\u00f6n (das Gel\u00e4nde nat\u00fcrlich)<\/figcaption><\/figure>\n<\/figure>\n\n\n\n<p>Wir erreichen den h\u00f6chsten Punkt, begr\u00fc\u00dfen auch heute freudig unseren Martin mit der Glocke und beginnen den Downhill in Richtung zweiter Verpflegungsstation. Diese erreichen wir sogar mit mehr als einer dreiviertel Stunde Puffer und haben Zeit f\u00fcr eine ausgiebige Nahrungs- und Fl\u00fcssigkeitsaufnahme und ein paar nette Gespr\u00e4che. <\/p>\n\n\n\n<p>Der restliche Downhill ist (bis auf ein paar Ausnahmen) technisch einfach, so dass wir die Strecke in gem\u00fctlichem Laufschritt meistern und schlie\u00dflich Ischgl und das Ziel der zweiten Etappe erreichen. <\/p>\n\n\n<div class=\"wp-block-image\">\n<figure class=\"aligncenter size-medium\"><a href=\"https:\/\/rockyourgoal.de\/wp-content\/uploads\/2023\/09\/erfahrungen-transalpin-run-etappe2-angekommen-in-ischgl.jpg\"><img loading=\"lazy\" decoding=\"async\" width=\"225\" height=\"300\" src=\"https:\/\/rockyourgoal.de\/wp-content\/uploads\/2023\/09\/erfahrungen-transalpin-run-etappe2-angekommen-in-ischgl-225x300.jpg\" alt=\"\" class=\"wp-image-14110\" srcset=\"https:\/\/rockyourgoal.de\/wp-content\/uploads\/2023\/09\/erfahrungen-transalpin-run-etappe2-angekommen-in-ischgl-225x300.jpg 225w, https:\/\/rockyourgoal.de\/wp-content\/uploads\/2023\/09\/erfahrungen-transalpin-run-etappe2-angekommen-in-ischgl-9x12.jpg 9w, https:\/\/rockyourgoal.de\/wp-content\/uploads\/2023\/09\/erfahrungen-transalpin-run-etappe2-angekommen-in-ischgl.jpg 696w\" sizes=\"auto, (max-width: 225px) 100vw, 225px\" \/><\/a><figcaption class=\"wp-element-caption\">Ischgl erreicht!<\/figcaption><\/figure>\n<\/div>\n\n\n<p>Wir sind \u00fcbergl\u00fccklich bereits die zweite Etappe geschafft zu haben, wissen aber auch, dass das &#8222;<em>eigentliche Rennen<\/em>&#8220; erst morgen mit einem Marathon beginnt. <\/p>\n\n\n\n<p>Hier kommen noch die Bilder von PlanB zur zweiten Etappe! Ich liebe diese Zusammenfassungen!<\/p>\n\n\n\n<figure class=\"wp-block-embed is-type-video is-provider-youtube wp-block-embed-youtube wp-embed-aspect-16-9 wp-has-aspect-ratio\"><div class=\"wp-block-embed__wrapper\">\n<iframe loading=\"lazy\" title=\"Stage 2 Highlight Clip Dynafit Transalpine Run powered by Volkswagen R 2023\" width=\"800\" height=\"450\" src=\"https:\/\/www.youtube.com\/embed\/xmeRTQUJ7Kg?feature=oembed\" frameborder=\"0\" allow=\"accelerometer; autoplay; clipboard-write; encrypted-media; gyroscope; picture-in-picture; web-share\" allowfullscreen><\/iframe>\n<\/div><\/figure>\n\n\n\n<h2 class=\"wp-block-heading\">Transalpine Run 2023 &#8211; Dritte Etappe &#8211; Von Ischgl nach Galt\u00fcr<\/h2>\n\n\n\n<p>Heute steht die erste,  richtig lange Etappe mit 42 Kilometern und \u00fcber 2500 H\u00f6henmetern von Ischgl nach Galt\u00fcr an. Im Briefing gestern Abend haben wir geh\u00f6rt, dass wir erst auf den Rauhekopf m\u00fcssen, dann folgt ein sehr technischer Downhill bis nach Mathon. <\/p>\n\n\n\n<p>Dort steht dann bei Kilometer 15 die erste Verpflegungsstation (CutOff-Zeit um 12:30 Uhr), bevor der zweite gro\u00dfe Anstieg zum Grie\u00dfkogel bis auf 2680m folgt. Dort befindet sich (kurz unterhalb des Gipfels) die zweite Verpflegungsstation, bevor dann ein fast 20 Kilometer langer und anspruchsvoller Abstieg bis nach Galt\u00fcr beginnt. <\/p>\n\n\n\n<figure class=\"wp-block-embed is-type-video is-provider-youtube wp-block-embed-youtube wp-embed-aspect-16-9 wp-has-aspect-ratio\"><div class=\"wp-block-embed__wrapper\">\n<iframe loading=\"lazy\" title=\"Stage 3 Course Briefing Dynafit Transalpine Run powered by Volkswagen R 2023\" width=\"800\" height=\"450\" src=\"https:\/\/www.youtube.com\/embed\/h1IrcGMSfc4?start=113&#038;feature=oembed\" frameborder=\"0\" allow=\"accelerometer; autoplay; clipboard-write; encrypted-media; gyroscope; picture-in-picture; web-share\" allowfullscreen><\/iframe>\n<\/div><figcaption class=\"wp-element-caption\">Das Briefing (f\u00fcr alle die etwas mehr wissen m\u00f6chten) \ud83d\ude42<\/figcaption><\/figure>\n\n\n\n<p>Da der Start erst um 08:00 Uhr ist, k\u00f6nnen wir bequem fr\u00fchst\u00fccken und finden uns kurz vor dem Start in unserem Startblock ein. Es ert\u00f6nt &#8222;Highway to Hell&#8220; und die TAR-Menschentraube setzt sich in Bewegung, mittendrin auch Reini und ich. <\/p>\n\n\n\n<figure class=\"wp-block-image size-large\"><a href=\"https:\/\/rockyourgoal.de\/wp-content\/uploads\/2023\/09\/TAR-dritte-etappe-2023.png\"><img loading=\"lazy\" decoding=\"async\" width=\"961\" height=\"651\" src=\"https:\/\/rockyourgoal.de\/wp-content\/uploads\/2023\/09\/TAR-dritte-etappe-2023-961x651.png\" alt=\"\" class=\"wp-image-14202\" srcset=\"https:\/\/rockyourgoal.de\/wp-content\/uploads\/2023\/09\/TAR-dritte-etappe-2023.png 961w, https:\/\/rockyourgoal.de\/wp-content\/uploads\/2023\/09\/TAR-dritte-etappe-2023-768x520.png 768w, https:\/\/rockyourgoal.de\/wp-content\/uploads\/2023\/09\/TAR-dritte-etappe-2023-18x12.png 18w\" sizes=\"auto, (max-width: 961px) 100vw, 961px\" \/><\/a><figcaption class=\"wp-element-caption\">So sieht das H\u00f6henprofil unserer heutigen, dritten Etappe aus <em>(Quelle: https:\/\/transalpine-run.com\/strecke)<\/em><\/figcaption><\/figure>\n\n\n\n<p>Heute beginnt der Anstieg sehr fr\u00fch nach dem Start und ab und zu m\u00fcssen wir an engen Stellen in der Menschenschlange warten,  bis wir den Anstieg fortsetzen k\u00f6nnen. Das ist aber \u00fcberhaupt kein Problem, denn solche Stellen laden dazu ein etwas zu trinken, eventuell ein Gel zu konsumieren und f\u00fcr einen guten Energiehaushalt zu sorgen. Ich habe bei diesem Rennen gelernt das Positive zu sehen, denn all diese Kleinigkeiten summieren sich an diesen intensiven, langen Tagen. <\/p>\n\n\n\n<figure class=\"wp-block-gallery has-nested-images columns-4 is-cropped wp-block-gallery-9 is-layout-flex wp-block-gallery-is-layout-flex\">\n<figure class=\"wp-block-image size-large\"><a href=\"https:\/\/rockyourgoal.de\/wp-content\/uploads\/2023\/09\/erfahrungen-transalpin-run-2023-dritte-etappe-see.jpg\"><img loading=\"lazy\" decoding=\"async\" width=\"605\" height=\"807\" data-id=\"14186\" src=\"https:\/\/rockyourgoal.de\/wp-content\/uploads\/2023\/09\/erfahrungen-transalpin-run-2023-dritte-etappe-see.jpg\" alt=\"\" class=\"wp-image-14186\" srcset=\"https:\/\/rockyourgoal.de\/wp-content\/uploads\/2023\/09\/erfahrungen-transalpin-run-2023-dritte-etappe-see.jpg 605w, https:\/\/rockyourgoal.de\/wp-content\/uploads\/2023\/09\/erfahrungen-transalpin-run-2023-dritte-etappe-see-225x300.jpg 225w, https:\/\/rockyourgoal.de\/wp-content\/uploads\/2023\/09\/erfahrungen-transalpin-run-2023-dritte-etappe-see-9x12.jpg 9w\" sizes=\"auto, (max-width: 605px) 100vw, 605px\" \/><\/a><figcaption class=\"wp-element-caption\">Kurz nach dem Start passieren wir einen vertr\u00e4umten, kleinen See<\/figcaption><\/figure>\n\n\n\n<figure class=\"wp-block-image size-large\"><a href=\"https:\/\/rockyourgoal.de\/wp-content\/uploads\/2023\/09\/erfahrungen-transalpin-run-2023-dritte-etappe-aufstieg.jpg\"><img loading=\"lazy\" decoding=\"async\" width=\"807\" height=\"605\" data-id=\"14185\" src=\"https:\/\/rockyourgoal.de\/wp-content\/uploads\/2023\/09\/erfahrungen-transalpin-run-2023-dritte-etappe-aufstieg.jpg\" alt=\"\" class=\"wp-image-14185\" srcset=\"https:\/\/rockyourgoal.de\/wp-content\/uploads\/2023\/09\/erfahrungen-transalpin-run-2023-dritte-etappe-aufstieg.jpg 807w, https:\/\/rockyourgoal.de\/wp-content\/uploads\/2023\/09\/erfahrungen-transalpin-run-2023-dritte-etappe-aufstieg-300x225.jpg 300w, https:\/\/rockyourgoal.de\/wp-content\/uploads\/2023\/09\/erfahrungen-transalpin-run-2023-dritte-etappe-aufstieg-768x576.jpg 768w, https:\/\/rockyourgoal.de\/wp-content\/uploads\/2023\/09\/erfahrungen-transalpin-run-2023-dritte-etappe-aufstieg-16x12.jpg 16w\" sizes=\"auto, (max-width: 807px) 100vw, 807px\" \/><\/a><figcaption class=\"wp-element-caption\">Dann beginnt der Anstieg. Erst sanft, dann<\/figcaption><\/figure>\n\n\n\n<figure class=\"wp-block-image size-large\"><a href=\"https:\/\/rockyourgoal.de\/wp-content\/uploads\/2023\/09\/erfahrungen-transalpin-run-2023-dritte-etappe-hubschrauber.jpg\"><img loading=\"lazy\" decoding=\"async\" width=\"605\" height=\"807\" data-id=\"14184\" src=\"https:\/\/rockyourgoal.de\/wp-content\/uploads\/2023\/09\/erfahrungen-transalpin-run-2023-dritte-etappe-hubschrauber.jpg\" alt=\"\" class=\"wp-image-14184\" srcset=\"https:\/\/rockyourgoal.de\/wp-content\/uploads\/2023\/09\/erfahrungen-transalpin-run-2023-dritte-etappe-hubschrauber.jpg 605w, https:\/\/rockyourgoal.de\/wp-content\/uploads\/2023\/09\/erfahrungen-transalpin-run-2023-dritte-etappe-hubschrauber-225x300.jpg 225w, https:\/\/rockyourgoal.de\/wp-content\/uploads\/2023\/09\/erfahrungen-transalpin-run-2023-dritte-etappe-hubschrauber-9x12.jpg 9w\" sizes=\"auto, (max-width: 605px) 100vw, 605px\" \/><\/a><figcaption class=\"wp-element-caption\">immer steiler. <\/figcaption><\/figure>\n\n\n\n<figure class=\"wp-block-image size-large\"><a href=\"https:\/\/rockyourgoal.de\/wp-content\/uploads\/2023\/09\/erfahrungen-transalpin-run-2023-dritte-etappe-hoch-hinaus.jpg\"><img loading=\"lazy\" decoding=\"async\" width=\"605\" height=\"807\" data-id=\"14183\" src=\"https:\/\/rockyourgoal.de\/wp-content\/uploads\/2023\/09\/erfahrungen-transalpin-run-2023-dritte-etappe-hoch-hinaus.jpg\" alt=\"\" class=\"wp-image-14183\" srcset=\"https:\/\/rockyourgoal.de\/wp-content\/uploads\/2023\/09\/erfahrungen-transalpin-run-2023-dritte-etappe-hoch-hinaus.jpg 605w, https:\/\/rockyourgoal.de\/wp-content\/uploads\/2023\/09\/erfahrungen-transalpin-run-2023-dritte-etappe-hoch-hinaus-225x300.jpg 225w, https:\/\/rockyourgoal.de\/wp-content\/uploads\/2023\/09\/erfahrungen-transalpin-run-2023-dritte-etappe-hoch-hinaus-9x12.jpg 9w\" sizes=\"auto, (max-width: 605px) 100vw, 605px\" \/><\/a><figcaption class=\"wp-element-caption\">Konsequent in Richtung Rauhekopf<\/figcaption><\/figure>\n<\/figure>\n\n\n\n<p>Dieser Anstieg bis zum Rauhekopf ist eine echte Schinderei. 1200, teils wirklich steiler Anstieg saugen die Kraft aus den Beinen. Mittlerweile habe ich den Stockeinsatz richtig gelernt und kann einen Teil meines Gewichtes gerade bei den Anstiegen mit meinen Armen \u00fcbernehmen, was gerade nach oben enorm hilft und Kraft in den Beinen spart. <\/p>\n\n\n\n<p>Trotz der Anstrengung habe ich immer wieder mal Zeit mich umzudrehen und die Gegend anzuschauen und das lohnt sich. Es ist so unglaublich sch\u00f6n hier! Es ist alles so gro\u00df, teils schroff, teils sanft gr\u00fcn, man kann viele Kilometer weit ins Tal schauen und man hat den Rauhekopf immer vor sich und sieht die lange TAR-L\u00e4ufer-Karawane wie sie sich hinauf qu\u00e4lt. Einfach genial!<\/p>\n\n\n\n<p>Ich sehe einen Hubschrauber der sich im Einsatz befindet, aber Details zum Grund kann ich nicht erkennen. Es ist f\u00fcr mich immer beruhigend zu wissen, dass diese fliegenden Engel bereit sind und uns und anderen Bergmenschen jederzeit helfen wenn wir Hilfe brauchen. Danke daf\u00fcr!<\/p>\n\n\n\n<p>So erreichen wir den Rauhekopf und beginnen den Downhill. Und dieser hat es (so wie es uns angek\u00fcndigt wurde) richtig in sich. Dieser ist nicht nur steil, sondern auch technisch extrem anspruchsvoll, denn gro\u00dfe Schieferplatten, gro\u00dfe Felsvorspr\u00fcnge, seilversicherte Abstiege, Ger\u00f6ll und andere Herausforderungen wechseln sich ab und die Zeit vergeht wie im Flug. Trotzdem erreichen wir die zweite Verpflegungsstation und damit auch die erste Cutoff-Zeit ca. 20 Minuten bevor diese ablaufen. Alles in Ordnung, wir k\u00f6nnen die angebotenen K\u00f6stlichkeiten genie\u00dfen. <\/p>\n\n\n\n<p>Wir haben die ersten 15 Kilometer geschafft, allerdings auch schon \u00fcber 1200 H\u00f6henmeter in den Beinen, als der zweite Anstieg beginnt. War der erste schon steil, sind die n\u00e4chsten 800 H\u00f6henmeter fast wie Treppensteigen. Ich kann die steilen Stellen nur mit sehr kleinen Schritten und unter dauerhaftem Einsatz der St\u00f6cke meistern und ich verbrauche zwei Gels, damit ich nicht in ein Energieloch falle. Das k\u00f6nnte ich hier am Wenigsten brauchen. Ich vergesse Bilder zu machen, aber irgendwie wird es irgendwann etwas flacher und die Anstiege etwas sanfter, bevor wir die zweite Verpflegungsstation erreichen. Wir wissen, dass diese etwa 150 H\u00f6henmeter unterhalb des Grie\u00dfkogel (2680m \u00fc.n) befindet. Wir haben auch diese Cutoff-Zeit geschafft (45 Minuten vor der m\u00f6glichen Zeit). Wir trinken eine Suppe, f\u00fcllen unsere Soft-Flasks auf und beginnen den finalen Anstieg zum Grie\u00dfkogel und bald schon h\u00f6ren wir Martin mit seiner Glocke am h\u00f6chsten Punkt und freuen uns sehr, als wir ihn mit einem &#8222;High Five&#8220; begr\u00fc\u00dfen k\u00f6nnen. <\/p>\n\n\n\n<figure class=\"wp-block-gallery has-nested-images columns-4 is-cropped wp-block-gallery-10 is-layout-flex wp-block-gallery-is-layout-flex\">\n<figure class=\"wp-block-image size-large\"><a href=\"https:\/\/rockyourgoal.de\/wp-content\/uploads\/2023\/09\/erfahrungen-transalpin-run-2023-dritte-etappe-uwe-in-den-bergen-leidend.jpg\"><img loading=\"lazy\" decoding=\"async\" width=\"683\" height=\"1024\" data-id=\"14197\" src=\"https:\/\/rockyourgoal.de\/wp-content\/uploads\/2023\/09\/erfahrungen-transalpin-run-2023-dritte-etappe-uwe-in-den-bergen-leidend-683x1024.jpg\" alt=\"\" class=\"wp-image-14197\" srcset=\"https:\/\/rockyourgoal.de\/wp-content\/uploads\/2023\/09\/erfahrungen-transalpin-run-2023-dritte-etappe-uwe-in-den-bergen-leidend-683x1024.jpg 683w, https:\/\/rockyourgoal.de\/wp-content\/uploads\/2023\/09\/erfahrungen-transalpin-run-2023-dritte-etappe-uwe-in-den-bergen-leidend-200x300.jpg 200w, https:\/\/rockyourgoal.de\/wp-content\/uploads\/2023\/09\/erfahrungen-transalpin-run-2023-dritte-etappe-uwe-in-den-bergen-leidend-768x1151.jpg 768w, https:\/\/rockyourgoal.de\/wp-content\/uploads\/2023\/09\/erfahrungen-transalpin-run-2023-dritte-etappe-uwe-in-den-bergen-leidend-8x12.jpg 8w, https:\/\/rockyourgoal.de\/wp-content\/uploads\/2023\/09\/erfahrungen-transalpin-run-2023-dritte-etappe-uwe-in-den-bergen-leidend.jpg 934w\" sizes=\"auto, (max-width: 683px) 100vw, 683px\" \/><\/a><figcaption class=\"wp-element-caption\">Man sieht die Anstrengung<\/figcaption><\/figure>\n\n\n\n<figure class=\"wp-block-image size-large\"><a href=\"https:\/\/rockyourgoal.de\/wp-content\/uploads\/2023\/09\/erfahrungen-transalpin-run-2023-dritte-etappe-uwe.jpg\"><img loading=\"lazy\" decoding=\"async\" width=\"683\" height=\"1024\" data-id=\"14196\" src=\"https:\/\/rockyourgoal.de\/wp-content\/uploads\/2023\/09\/erfahrungen-transalpin-run-2023-dritte-etappe-uwe-683x1024.jpg\" alt=\"\" class=\"wp-image-14196\" srcset=\"https:\/\/rockyourgoal.de\/wp-content\/uploads\/2023\/09\/erfahrungen-transalpin-run-2023-dritte-etappe-uwe-683x1024.jpg 683w, https:\/\/rockyourgoal.de\/wp-content\/uploads\/2023\/09\/erfahrungen-transalpin-run-2023-dritte-etappe-uwe-200x300.jpg 200w, https:\/\/rockyourgoal.de\/wp-content\/uploads\/2023\/09\/erfahrungen-transalpin-run-2023-dritte-etappe-uwe-768x1152.jpg 768w, https:\/\/rockyourgoal.de\/wp-content\/uploads\/2023\/09\/erfahrungen-transalpin-run-2023-dritte-etappe-uwe-1024x1536.jpg 1024w, https:\/\/rockyourgoal.de\/wp-content\/uploads\/2023\/09\/erfahrungen-transalpin-run-2023-dritte-etappe-uwe-8x12.jpg 8w, https:\/\/rockyourgoal.de\/wp-content\/uploads\/2023\/09\/erfahrungen-transalpin-run-2023-dritte-etappe-uwe.jpg 1067w\" sizes=\"auto, (max-width: 683px) 100vw, 683px\" \/><\/a><figcaption class=\"wp-element-caption\">im Gesicht. Aber man sieht<\/figcaption><\/figure>\n\n\n\n<figure class=\"wp-block-image size-large\"><a href=\"https:\/\/rockyourgoal.de\/wp-content\/uploads\/2023\/09\/erfahrungen-transalpin-run-2023-dritte-etappe-glueck.jpg\"><img loading=\"lazy\" decoding=\"async\" width=\"1024\" height=\"683\" data-id=\"14195\" src=\"https:\/\/rockyourgoal.de\/wp-content\/uploads\/2023\/09\/erfahrungen-transalpin-run-2023-dritte-etappe-glueck-1024x683.jpg\" alt=\"\" class=\"wp-image-14195\" srcset=\"https:\/\/rockyourgoal.de\/wp-content\/uploads\/2023\/09\/erfahrungen-transalpin-run-2023-dritte-etappe-glueck-1024x683.jpg 1024w, https:\/\/rockyourgoal.de\/wp-content\/uploads\/2023\/09\/erfahrungen-transalpin-run-2023-dritte-etappe-glueck-300x200.jpg 300w, https:\/\/rockyourgoal.de\/wp-content\/uploads\/2023\/09\/erfahrungen-transalpin-run-2023-dritte-etappe-glueck-768x512.jpg 768w, https:\/\/rockyourgoal.de\/wp-content\/uploads\/2023\/09\/erfahrungen-transalpin-run-2023-dritte-etappe-glueck-1536x1024.jpg 1536w, https:\/\/rockyourgoal.de\/wp-content\/uploads\/2023\/09\/erfahrungen-transalpin-run-2023-dritte-etappe-glueck-18x12.jpg 18w, https:\/\/rockyourgoal.de\/wp-content\/uploads\/2023\/09\/erfahrungen-transalpin-run-2023-dritte-etappe-glueck.jpg 1600w\" sizes=\"auto, (max-width: 1024px) 100vw, 1024px\" \/><\/a><figcaption class=\"wp-element-caption\">im Hintergrund auch die<\/figcaption><\/figure>\n\n\n\n<figure class=\"wp-block-image size-large\"><a href=\"https:\/\/rockyourgoal.de\/wp-content\/uploads\/2023\/09\/erfahrungen-transalpin-run-2023-dritte-etappe-endlich-oben.jpg\"><img loading=\"lazy\" decoding=\"async\" width=\"1024\" height=\"683\" data-id=\"14194\" src=\"https:\/\/rockyourgoal.de\/wp-content\/uploads\/2023\/09\/erfahrungen-transalpin-run-2023-dritte-etappe-endlich-oben-1024x683.jpg\" alt=\"\" class=\"wp-image-14194\" srcset=\"https:\/\/rockyourgoal.de\/wp-content\/uploads\/2023\/09\/erfahrungen-transalpin-run-2023-dritte-etappe-endlich-oben-1024x683.jpg 1024w, https:\/\/rockyourgoal.de\/wp-content\/uploads\/2023\/09\/erfahrungen-transalpin-run-2023-dritte-etappe-endlich-oben-300x200.jpg 300w, https:\/\/rockyourgoal.de\/wp-content\/uploads\/2023\/09\/erfahrungen-transalpin-run-2023-dritte-etappe-endlich-oben-768x512.jpg 768w, https:\/\/rockyourgoal.de\/wp-content\/uploads\/2023\/09\/erfahrungen-transalpin-run-2023-dritte-etappe-endlich-oben-1536x1024.jpg 1536w, https:\/\/rockyourgoal.de\/wp-content\/uploads\/2023\/09\/erfahrungen-transalpin-run-2023-dritte-etappe-endlich-oben-18x12.jpg 18w, https:\/\/rockyourgoal.de\/wp-content\/uploads\/2023\/09\/erfahrungen-transalpin-run-2023-dritte-etappe-endlich-oben.jpg 1600w\" sizes=\"auto, (max-width: 1024px) 100vw, 1024px\" \/><\/a><figcaption class=\"wp-element-caption\">wundersch\u00f6ne Landschaft. <\/figcaption><\/figure>\n\n\n\n<figure class=\"wp-block-image size-large\"><a href=\"https:\/\/rockyourgoal.de\/wp-content\/uploads\/2023\/09\/erfahrungen-transalpin-run-2023-dritte-etappe-kampf-mit-dem-stock.jpg\"><img loading=\"lazy\" decoding=\"async\" width=\"1024\" height=\"683\" data-id=\"14193\" src=\"https:\/\/rockyourgoal.de\/wp-content\/uploads\/2023\/09\/erfahrungen-transalpin-run-2023-dritte-etappe-kampf-mit-dem-stock-1024x683.jpg\" alt=\"\" class=\"wp-image-14193\" srcset=\"https:\/\/rockyourgoal.de\/wp-content\/uploads\/2023\/09\/erfahrungen-transalpin-run-2023-dritte-etappe-kampf-mit-dem-stock-1024x683.jpg 1024w, https:\/\/rockyourgoal.de\/wp-content\/uploads\/2023\/09\/erfahrungen-transalpin-run-2023-dritte-etappe-kampf-mit-dem-stock-300x200.jpg 300w, https:\/\/rockyourgoal.de\/wp-content\/uploads\/2023\/09\/erfahrungen-transalpin-run-2023-dritte-etappe-kampf-mit-dem-stock-768x512.jpg 768w, https:\/\/rockyourgoal.de\/wp-content\/uploads\/2023\/09\/erfahrungen-transalpin-run-2023-dritte-etappe-kampf-mit-dem-stock-18x12.jpg 18w, https:\/\/rockyourgoal.de\/wp-content\/uploads\/2023\/09\/erfahrungen-transalpin-run-2023-dritte-etappe-kampf-mit-dem-stock.jpg 1280w\" sizes=\"auto, (max-width: 1024px) 100vw, 1024px\" \/><\/a><figcaption class=\"wp-element-caption\">Und der Lohn nach der Anstrengung <\/figcaption><\/figure>\n\n\n\n<figure class=\"wp-block-image size-large\"><a href=\"https:\/\/rockyourgoal.de\/wp-content\/uploads\/2023\/09\/erfahrungen-transalpin-run-2023-dritte-etappe-uwe-gluecklich.jpg\"><img loading=\"lazy\" decoding=\"async\" width=\"756\" height=\"1008\" data-id=\"14182\" src=\"https:\/\/rockyourgoal.de\/wp-content\/uploads\/2023\/09\/erfahrungen-transalpin-run-2023-dritte-etappe-uwe-gluecklich.jpg\" alt=\"\" class=\"wp-image-14182\" srcset=\"https:\/\/rockyourgoal.de\/wp-content\/uploads\/2023\/09\/erfahrungen-transalpin-run-2023-dritte-etappe-uwe-gluecklich.jpg 756w, https:\/\/rockyourgoal.de\/wp-content\/uploads\/2023\/09\/erfahrungen-transalpin-run-2023-dritte-etappe-uwe-gluecklich-225x300.jpg 225w, https:\/\/rockyourgoal.de\/wp-content\/uploads\/2023\/09\/erfahrungen-transalpin-run-2023-dritte-etappe-uwe-gluecklich-9x12.jpg 9w\" sizes=\"auto, (max-width: 756px) 100vw, 756px\" \/><\/a><figcaption class=\"wp-element-caption\">ist die Aussicht vom h\u00f6chsten Punkt, <\/figcaption><\/figure>\n\n\n\n<figure class=\"wp-block-image size-large\"><a href=\"https:\/\/rockyourgoal.de\/wp-content\/uploads\/2023\/09\/erfahrungen-transalpin-run-2023-dritte-etappe-gipfelselfie.jpg\"><img loading=\"lazy\" decoding=\"async\" width=\"769\" height=\"1024\" data-id=\"14181\" src=\"https:\/\/rockyourgoal.de\/wp-content\/uploads\/2023\/09\/erfahrungen-transalpin-run-2023-dritte-etappe-gipfelselfie-769x1024.jpg\" alt=\"\" class=\"wp-image-14181\" srcset=\"https:\/\/rockyourgoal.de\/wp-content\/uploads\/2023\/09\/erfahrungen-transalpin-run-2023-dritte-etappe-gipfelselfie-769x1024.jpg 769w, https:\/\/rockyourgoal.de\/wp-content\/uploads\/2023\/09\/erfahrungen-transalpin-run-2023-dritte-etappe-gipfelselfie-225x300.jpg 225w, https:\/\/rockyourgoal.de\/wp-content\/uploads\/2023\/09\/erfahrungen-transalpin-run-2023-dritte-etappe-gipfelselfie-768x1023.jpg 768w, https:\/\/rockyourgoal.de\/wp-content\/uploads\/2023\/09\/erfahrungen-transalpin-run-2023-dritte-etappe-gipfelselfie-9x12.jpg 9w, https:\/\/rockyourgoal.de\/wp-content\/uploads\/2023\/09\/erfahrungen-transalpin-run-2023-dritte-etappe-gipfelselfie.jpg 928w\" sizes=\"auto, (max-width: 769px) 100vw, 769px\" \/><\/a><figcaption class=\"wp-element-caption\">dem Gipfel<\/figcaption><\/figure>\n<\/figure>\n\n\n\n<p>Nun laufen wir einen anspruchsvollen Downhill, der allerdings nicht allzu lang ist (ca. 300 H\u00f6henmeter). Dann erreichen wir ein Tal, welches wir mit einem erneuten Anstieg (dieser ist nicht besonders steil, tut aber trotzdem weh) verlassen m\u00fcssen. <\/p>\n\n\n\n<p>Nun beginnt die ca. 14 Kilometer lange, durch die dritte Verpflegungsstation unterbrochene Reststrecke nach unten bis nach Galt\u00fcr. Diese ist nun weniger anspruchsvoll, aber meine Zehen leiden bei diesem langen Abstieg. Doch auch hier ist die Aussicht jederzeit eine kleine Pause wert und ich nehme mir die Pausen immer wieder. <\/p>\n\n\n\n<figure class=\"wp-block-gallery has-nested-images columns-3 is-cropped wp-block-gallery-11 is-layout-flex wp-block-gallery-is-layout-flex\">\n<figure class=\"wp-block-image size-large\"><a href=\"https:\/\/rockyourgoal.de\/wp-content\/uploads\/2023\/09\/erfahrungen-transalpin-run-2023-dritte-etappe-wunderschoene-aussicht.jpg\"><img loading=\"lazy\" decoding=\"async\" width=\"807\" height=\"605\" data-id=\"14192\" src=\"https:\/\/rockyourgoal.de\/wp-content\/uploads\/2023\/09\/erfahrungen-transalpin-run-2023-dritte-etappe-wunderschoene-aussicht.jpg\" alt=\"\" class=\"wp-image-14192\" srcset=\"https:\/\/rockyourgoal.de\/wp-content\/uploads\/2023\/09\/erfahrungen-transalpin-run-2023-dritte-etappe-wunderschoene-aussicht.jpg 807w, https:\/\/rockyourgoal.de\/wp-content\/uploads\/2023\/09\/erfahrungen-transalpin-run-2023-dritte-etappe-wunderschoene-aussicht-300x225.jpg 300w, https:\/\/rockyourgoal.de\/wp-content\/uploads\/2023\/09\/erfahrungen-transalpin-run-2023-dritte-etappe-wunderschoene-aussicht-768x576.jpg 768w, https:\/\/rockyourgoal.de\/wp-content\/uploads\/2023\/09\/erfahrungen-transalpin-run-2023-dritte-etappe-wunderschoene-aussicht-16x12.jpg 16w\" sizes=\"auto, (max-width: 807px) 100vw, 807px\" \/><\/a><figcaption class=\"wp-element-caption\">Nun ist der Abstieg<\/figcaption><\/figure>\n\n\n\n<figure class=\"wp-block-image size-large\"><a href=\"https:\/\/rockyourgoal.de\/wp-content\/uploads\/2023\/09\/erfahrungen-transalpin-run-2023-dritte-etappe-weg-in-den-bergen.jpg\"><img loading=\"lazy\" decoding=\"async\" width=\"1024\" height=\"768\" data-id=\"14191\" src=\"https:\/\/rockyourgoal.de\/wp-content\/uploads\/2023\/09\/erfahrungen-transalpin-run-2023-dritte-etappe-weg-in-den-bergen-1024x768.jpg\" alt=\"\" class=\"wp-image-14191\" srcset=\"https:\/\/rockyourgoal.de\/wp-content\/uploads\/2023\/09\/erfahrungen-transalpin-run-2023-dritte-etappe-weg-in-den-bergen-1024x768.jpg 1024w, https:\/\/rockyourgoal.de\/wp-content\/uploads\/2023\/09\/erfahrungen-transalpin-run-2023-dritte-etappe-weg-in-den-bergen-300x225.jpg 300w, https:\/\/rockyourgoal.de\/wp-content\/uploads\/2023\/09\/erfahrungen-transalpin-run-2023-dritte-etappe-weg-in-den-bergen-768x576.jpg 768w, https:\/\/rockyourgoal.de\/wp-content\/uploads\/2023\/09\/erfahrungen-transalpin-run-2023-dritte-etappe-weg-in-den-bergen-16x12.jpg 16w, https:\/\/rockyourgoal.de\/wp-content\/uploads\/2023\/09\/erfahrungen-transalpin-run-2023-dritte-etappe-weg-in-den-bergen.jpg 1210w\" sizes=\"auto, (max-width: 1024px) 100vw, 1024px\" \/><\/a><figcaption class=\"wp-element-caption\">erheblich sanfter und uns <\/figcaption><\/figure>\n\n\n\n<figure class=\"wp-block-image size-large\"><a href=\"https:\/\/rockyourgoal.de\/wp-content\/uploads\/2023\/09\/erfahrungen-transalpin-run-2023-dritte-etappe-blick-ins-tal.jpg\"><img loading=\"lazy\" decoding=\"async\" width=\"1024\" height=\"768\" data-id=\"14190\" src=\"https:\/\/rockyourgoal.de\/wp-content\/uploads\/2023\/09\/erfahrungen-transalpin-run-2023-dritte-etappe-blick-ins-tal-1024x768.jpg\" alt=\"\" class=\"wp-image-14190\" srcset=\"https:\/\/rockyourgoal.de\/wp-content\/uploads\/2023\/09\/erfahrungen-transalpin-run-2023-dritte-etappe-blick-ins-tal-1024x768.jpg 1024w, https:\/\/rockyourgoal.de\/wp-content\/uploads\/2023\/09\/erfahrungen-transalpin-run-2023-dritte-etappe-blick-ins-tal-300x225.jpg 300w, https:\/\/rockyourgoal.de\/wp-content\/uploads\/2023\/09\/erfahrungen-transalpin-run-2023-dritte-etappe-blick-ins-tal-768x576.jpg 768w, https:\/\/rockyourgoal.de\/wp-content\/uploads\/2023\/09\/erfahrungen-transalpin-run-2023-dritte-etappe-blick-ins-tal-16x12.jpg 16w, https:\/\/rockyourgoal.de\/wp-content\/uploads\/2023\/09\/erfahrungen-transalpin-run-2023-dritte-etappe-blick-ins-tal.jpg 1412w\" sizes=\"auto, (max-width: 1024px) 100vw, 1024px\" \/><\/a><figcaption class=\"wp-element-caption\">begleiten wundersch\u00f6ne Aussichten<\/figcaption><\/figure>\n\n\n\n<figure class=\"wp-block-image size-large\"><a href=\"https:\/\/rockyourgoal.de\/wp-content\/uploads\/2023\/09\/erfahrungen-transalpin-run-2023-dritte-etappe-reini-und-uwe.jpg\"><img loading=\"lazy\" decoding=\"async\" width=\"1008\" height=\"756\" data-id=\"14189\" src=\"https:\/\/rockyourgoal.de\/wp-content\/uploads\/2023\/09\/erfahrungen-transalpin-run-2023-dritte-etappe-reini-und-uwe.jpg\" alt=\"\" class=\"wp-image-14189\" srcset=\"https:\/\/rockyourgoal.de\/wp-content\/uploads\/2023\/09\/erfahrungen-transalpin-run-2023-dritte-etappe-reini-und-uwe.jpg 1008w, https:\/\/rockyourgoal.de\/wp-content\/uploads\/2023\/09\/erfahrungen-transalpin-run-2023-dritte-etappe-reini-und-uwe-300x225.jpg 300w, https:\/\/rockyourgoal.de\/wp-content\/uploads\/2023\/09\/erfahrungen-transalpin-run-2023-dritte-etappe-reini-und-uwe-768x576.jpg 768w, https:\/\/rockyourgoal.de\/wp-content\/uploads\/2023\/09\/erfahrungen-transalpin-run-2023-dritte-etappe-reini-und-uwe-16x12.jpg 16w\" sizes=\"auto, (max-width: 1008px) 100vw, 1008px\" \/><\/a><figcaption class=\"wp-element-caption\">Reini und ich k\u00f6nnen wieder lachen \ud83d\ude42<\/figcaption><\/figure>\n<\/figure>\n\n\n\n<p>An der letzten Verpflegungsstation nehmen wir uns ein paar Minuten mehr, denn wir sind hervorragend in der Zeit und laufen die restlichen zehn Kilometer bis nach Galt\u00fcr ins Ziel. <\/p>\n\n\n\n<figure class=\"wp-block-gallery has-nested-images columns-default is-cropped wp-block-gallery-12 is-layout-flex wp-block-gallery-is-layout-flex\">\n<figure class=\"wp-block-image size-large\"><a href=\"https:\/\/rockyourgoal.de\/wp-content\/uploads\/2023\/09\/erfahrungen-transalpin-run-2023-dritte-etappe-ziel.jpg\"><img loading=\"lazy\" decoding=\"async\" width=\"906\" height=\"938\" data-id=\"14188\" src=\"https:\/\/rockyourgoal.de\/wp-content\/uploads\/2023\/09\/erfahrungen-transalpin-run-2023-dritte-etappe-ziel.jpg\" alt=\"\" class=\"wp-image-14188\" srcset=\"https:\/\/rockyourgoal.de\/wp-content\/uploads\/2023\/09\/erfahrungen-transalpin-run-2023-dritte-etappe-ziel.jpg 906w, https:\/\/rockyourgoal.de\/wp-content\/uploads\/2023\/09\/erfahrungen-transalpin-run-2023-dritte-etappe-ziel-290x300.jpg 290w, https:\/\/rockyourgoal.de\/wp-content\/uploads\/2023\/09\/erfahrungen-transalpin-run-2023-dritte-etappe-ziel-768x795.jpg 768w, https:\/\/rockyourgoal.de\/wp-content\/uploads\/2023\/09\/erfahrungen-transalpin-run-2023-dritte-etappe-ziel-12x12.jpg 12w\" sizes=\"auto, (max-width: 906px) 100vw, 906px\" \/><\/a><figcaption class=\"wp-element-caption\">Im Ziel angekommen<\/figcaption><\/figure>\n\n\n\n<figure class=\"wp-block-image size-large\"><a href=\"https:\/\/rockyourgoal.de\/wp-content\/uploads\/2023\/09\/erfahrungen-transalpin-run-2023-dritte-etappe-bierchen-im-ziel.jpg\"><img loading=\"lazy\" decoding=\"async\" width=\"464\" height=\"618\" data-id=\"14187\" src=\"https:\/\/rockyourgoal.de\/wp-content\/uploads\/2023\/09\/erfahrungen-transalpin-run-2023-dritte-etappe-bierchen-im-ziel.jpg\" alt=\"\" class=\"wp-image-14187\" srcset=\"https:\/\/rockyourgoal.de\/wp-content\/uploads\/2023\/09\/erfahrungen-transalpin-run-2023-dritte-etappe-bierchen-im-ziel.jpg 464w, https:\/\/rockyourgoal.de\/wp-content\/uploads\/2023\/09\/erfahrungen-transalpin-run-2023-dritte-etappe-bierchen-im-ziel-225x300.jpg 225w, https:\/\/rockyourgoal.de\/wp-content\/uploads\/2023\/09\/erfahrungen-transalpin-run-2023-dritte-etappe-bierchen-im-ziel-9x12.jpg 9w\" sizes=\"auto, (max-width: 464px) 100vw, 464px\" \/><\/a><figcaption class=\"wp-element-caption\">schmeckt das Bierchen<\/figcaption><\/figure>\n<\/figure>\n\n\n\n<p>Es war ein harter Tag mit ca. 43 Kilometern und \u00fcber 2500 H\u00f6henmetern und wir haben mehr als zehn Stunden f\u00fcr die Strecke gebraucht. Heute haben wir wenig Zeit zur Regeneration, aber bis auf meine Zehen tut mir nichts weh. Daf\u00fcr daf\u00fcr bin ich dankbar. Wir gehen zur Pasta Party, nehmen an dem Briefing teil und erfahren, dass wir morgen Fr\u00fch bereits um 06:00 Uhr starten m\u00fcssen, da Gewitter am Nachmittag erwartet werden und wir dann bereits im Ziel sein sollen. Es wird also eine kurze Nacht \ud83d\ude42<\/p>\n\n\n\n<figure class=\"wp-block-embed is-type-video is-provider-youtube wp-block-embed-youtube wp-embed-aspect-16-9 wp-has-aspect-ratio\"><div class=\"wp-block-embed__wrapper\">\n<iframe loading=\"lazy\" title=\"Stage 3 Highlight Clip Dynafit Transalpine Run powered by Volkswagen R 2023\" width=\"800\" height=\"450\" src=\"https:\/\/www.youtube.com\/embed\/o5rPCOK8fG4?feature=oembed\" frameborder=\"0\" allow=\"accelerometer; autoplay; clipboard-write; encrypted-media; gyroscope; picture-in-picture; web-share\" allowfullscreen><\/iframe>\n<\/div><figcaption class=\"wp-element-caption\">Das Video mit den Highlights der dritten Etappe<\/figcaption><\/figure>\n\n\n\n<h2 class=\"wp-block-heading\">Transalpine Run 2023 &#8211; Vierte Etappe &#8211; Von Galt\u00fcr (AUT) nach Klosters (CH)<\/h2>\n\n\n\n<p>Der Wecker klingelt bereits um 04:00 Uhr, denn um 04:15 Uhr werden unsere Taschen im Hotel abgeholt. Wir haben bereits am Vorabend unsere Pflichtausr\u00fcstung (heute geh\u00f6rt dazu auch eine Kopfleuchte, da wir im Dunkeln starten) vorbereitet, so dass wir Zeit zum Fr\u00fchst\u00fccken haben und uns danach in den Startbereich begeben. Reini hat heute Nacht nicht gut geschlafen, aber er wirkt fit und das ist beruhigend f\u00fcr mich. <\/p>\n\n\n\n<p>Es ist noch dunkel w\u00e4hrend wir die vertrauten und vertr\u00e4umten Kl\u00e4nge von &#8222;Highway to Hell&#8220; h\u00f6ren \ud83d\ude42 Wir laufen wie tausende Gl\u00fchw\u00fcrmchen im Schein unserer Kopfleuchten los, noch etwas m\u00fcde und doch aufgeregt. <\/p>\n\n\n\n<p>F\u00fcr alle die etwas mehr \u00fcber die heutige Etappe erfahren m\u00f6chten, kommt hier das Briefing vom Vorabend:<\/p>\n\n\n\n<figure class=\"wp-block-embed is-type-video is-provider-youtube wp-block-embed-youtube wp-embed-aspect-16-9 wp-has-aspect-ratio\"><div class=\"wp-block-embed__wrapper\">\n<iframe loading=\"lazy\" title=\"Stage 4 Course Briefing Dynafit Transalpine Run powered by Volkswagen R 2023\" width=\"800\" height=\"450\" src=\"https:\/\/www.youtube.com\/embed\/WaOy9zgkmTU?feature=oembed\" frameborder=\"0\" allow=\"accelerometer; autoplay; clipboard-write; encrypted-media; gyroscope; picture-in-picture; web-share\" allowfullscreen><\/iframe>\n<\/div><\/figure>\n\n\n\n<p>Uns stehen 41 Kilometer, 1600 H\u00f6henmeter, technisches Gel\u00e4nde und knallharte Cutoff-Zeiten bevor. Wir wissen das und versuchen die ersten, flachen Kilometer m\u00f6glichst flott zu laufen um an den Anstiegen etwas Puffer zu haben. <\/p>\n\n\n\n<figure class=\"wp-block-image size-full\"><img loading=\"lazy\" decoding=\"async\" width=\"961\" height=\"656\" src=\"http:\/\/rockyourgoal.de\/wp-content\/uploads\/2023\/09\/Erfahrung-transalpine-run-2023-vierte-etappe-hoehenmeter.png\" alt=\"\" class=\"wp-image-14279\" srcset=\"https:\/\/rockyourgoal.de\/wp-content\/uploads\/2023\/09\/Erfahrung-transalpine-run-2023-vierte-etappe-hoehenmeter.png 961w, https:\/\/rockyourgoal.de\/wp-content\/uploads\/2023\/09\/Erfahrung-transalpine-run-2023-vierte-etappe-hoehenmeter-300x205.png 300w, https:\/\/rockyourgoal.de\/wp-content\/uploads\/2023\/09\/Erfahrung-transalpine-run-2023-vierte-etappe-hoehenmeter-768x524.png 768w, https:\/\/rockyourgoal.de\/wp-content\/uploads\/2023\/09\/Erfahrung-transalpine-run-2023-vierte-etappe-hoehenmeter-18x12.png 18w\" sizes=\"auto, (max-width: 961px) 100vw, 961px\" \/><\/figure>\n\n\n\n<p>Bis zur ersten Verpflegungsstation sind die Anstiege \u00fcberschaubar, allerdings m\u00fcssen die 12,5 Kilometer in h\u00fcgeligem Gel\u00e4nde auf teils engen Single Trails in zwei Stunden absolviert werden. Wir laufen stetig und flott und k\u00f6nnen sogar fast eine halbe Stunde Puffer herausholen, da wir um 07:50 Uhr an der ersten Verpflegungsstation ankommen. Das &#8222;feiern&#8220; wir mit Banane, Suppe, Cola und salzigem Gem\u00fcse. Wir f\u00fcllen unsere Getr\u00e4nke auf und laufen weiter. <\/p>\n\n\n\n<p>Die n\u00e4chsten 500 H\u00f6henmeter sind erheblich steiler und technischer, allerdings erreichen wir (auch bedingt durch den bereits aufgebauten Puffer) die Verpflegungsstation II an der Saarbr\u00fccker H\u00fctte, ca. 30 Minuten vor Ablauf der Cutoff-Zeit. Bisher ist das \u00fcberhaupt kein Problem gewesen! Wieder verpflegen wir uns gut und beginnen den Aufstieg zum h\u00f6chsten Punkt, der Seel\u00fccke.<\/p>\n\n\n\n<figure class=\"wp-block-gallery has-nested-images columns-default is-cropped wp-block-gallery-13 is-layout-flex wp-block-gallery-is-layout-flex\">\n<figure class=\"wp-block-image size-large\"><a href=\"https:\/\/rockyourgoal.de\/wp-content\/uploads\/2023\/09\/erfahrung-transalpine-run-2023-vierte-etappe-sonnenaufgang.jpg\"><img loading=\"lazy\" decoding=\"async\" width=\"1024\" height=\"768\" data-id=\"14271\" src=\"https:\/\/rockyourgoal.de\/wp-content\/uploads\/2023\/09\/erfahrung-transalpine-run-2023-vierte-etappe-sonnenaufgang-1024x768.jpg\" alt=\"\" class=\"wp-image-14271\" srcset=\"https:\/\/rockyourgoal.de\/wp-content\/uploads\/2023\/09\/erfahrung-transalpine-run-2023-vierte-etappe-sonnenaufgang-1024x768.jpg 1024w, https:\/\/rockyourgoal.de\/wp-content\/uploads\/2023\/09\/erfahrung-transalpine-run-2023-vierte-etappe-sonnenaufgang-300x225.jpg 300w, https:\/\/rockyourgoal.de\/wp-content\/uploads\/2023\/09\/erfahrung-transalpine-run-2023-vierte-etappe-sonnenaufgang-768x576.jpg 768w, https:\/\/rockyourgoal.de\/wp-content\/uploads\/2023\/09\/erfahrung-transalpine-run-2023-vierte-etappe-sonnenaufgang-16x12.jpg 16w, https:\/\/rockyourgoal.de\/wp-content\/uploads\/2023\/09\/erfahrung-transalpine-run-2023-vierte-etappe-sonnenaufgang.jpg 1412w\" sizes=\"auto, (max-width: 1024px) 100vw, 1024px\" \/><\/a><figcaption class=\"wp-element-caption\">Die Sonne geht langsam auf<\/figcaption><\/figure>\n\n\n\n<figure class=\"wp-block-image size-large\"><a href=\"https:\/\/rockyourgoal.de\/wp-content\/uploads\/2023\/09\/erfahrung-transalpine-run-2023-vierte-etappe-downhill.jpg\"><img loading=\"lazy\" decoding=\"async\" width=\"1008\" height=\"756\" data-id=\"14267\" src=\"https:\/\/rockyourgoal.de\/wp-content\/uploads\/2023\/09\/erfahrung-transalpine-run-2023-vierte-etappe-downhill.jpg\" alt=\"\" class=\"wp-image-14267\" srcset=\"https:\/\/rockyourgoal.de\/wp-content\/uploads\/2023\/09\/erfahrung-transalpine-run-2023-vierte-etappe-downhill.jpg 1008w, https:\/\/rockyourgoal.de\/wp-content\/uploads\/2023\/09\/erfahrung-transalpine-run-2023-vierte-etappe-downhill-300x225.jpg 300w, https:\/\/rockyourgoal.de\/wp-content\/uploads\/2023\/09\/erfahrung-transalpine-run-2023-vierte-etappe-downhill-768x576.jpg 768w, https:\/\/rockyourgoal.de\/wp-content\/uploads\/2023\/09\/erfahrung-transalpine-run-2023-vierte-etappe-downhill-16x12.jpg 16w\" sizes=\"auto, (max-width: 1008px) 100vw, 1008px\" \/><\/a><figcaption class=\"wp-element-caption\">Anfangs sind die Anstiege sehr sanft<\/figcaption><\/figure>\n\n\n\n<figure class=\"wp-block-image size-large\"><a href=\"https:\/\/rockyourgoal.de\/wp-content\/uploads\/2023\/09\/erfahrung-transalpine-run-2023-vierte-etappe-reini.jpg\"><img loading=\"lazy\" decoding=\"async\" width=\"1008\" height=\"756\" data-id=\"14269\" src=\"https:\/\/rockyourgoal.de\/wp-content\/uploads\/2023\/09\/erfahrung-transalpine-run-2023-vierte-etappe-reini.jpg\" alt=\"\" class=\"wp-image-14269\" srcset=\"https:\/\/rockyourgoal.de\/wp-content\/uploads\/2023\/09\/erfahrung-transalpine-run-2023-vierte-etappe-reini.jpg 1008w, https:\/\/rockyourgoal.de\/wp-content\/uploads\/2023\/09\/erfahrung-transalpine-run-2023-vierte-etappe-reini-300x225.jpg 300w, https:\/\/rockyourgoal.de\/wp-content\/uploads\/2023\/09\/erfahrung-transalpine-run-2023-vierte-etappe-reini-768x576.jpg 768w, https:\/\/rockyourgoal.de\/wp-content\/uploads\/2023\/09\/erfahrung-transalpine-run-2023-vierte-etappe-reini-16x12.jpg 16w\" sizes=\"auto, (max-width: 1008px) 100vw, 1008px\" \/><\/a><figcaption class=\"wp-element-caption\">Reini ist guter Dinge<\/figcaption><\/figure>\n\n\n\n<figure class=\"wp-block-image size-large\"><a href=\"https:\/\/rockyourgoal.de\/wp-content\/uploads\/2023\/09\/erfahrung-transalpine-run-2023-vierte-etappe-berg.jpg\"><img loading=\"lazy\" decoding=\"async\" width=\"1024\" height=\"768\" data-id=\"14270\" src=\"https:\/\/rockyourgoal.de\/wp-content\/uploads\/2023\/09\/erfahrung-transalpine-run-2023-vierte-etappe-berg-1024x768.jpg\" alt=\"\" class=\"wp-image-14270\" srcset=\"https:\/\/rockyourgoal.de\/wp-content\/uploads\/2023\/09\/erfahrung-transalpine-run-2023-vierte-etappe-berg-1024x768.jpg 1024w, https:\/\/rockyourgoal.de\/wp-content\/uploads\/2023\/09\/erfahrung-transalpine-run-2023-vierte-etappe-berg-300x225.jpg 300w, https:\/\/rockyourgoal.de\/wp-content\/uploads\/2023\/09\/erfahrung-transalpine-run-2023-vierte-etappe-berg-768x576.jpg 768w, https:\/\/rockyourgoal.de\/wp-content\/uploads\/2023\/09\/erfahrung-transalpine-run-2023-vierte-etappe-berg-16x12.jpg 16w, https:\/\/rockyourgoal.de\/wp-content\/uploads\/2023\/09\/erfahrung-transalpine-run-2023-vierte-etappe-berg.jpg 1130w\" sizes=\"auto, (max-width: 1024px) 100vw, 1024px\" \/><\/a><figcaption class=\"wp-element-caption\">Unser Weg f\u00fchrt uns langsam nach oben<\/figcaption><\/figure>\n<\/figure>\n\n\n\n<p>Der Weg von der Saarbr\u00fccker H\u00fctte bis zur Seel\u00fccke Silvretta (2770m \u00fc.n.) tut noch einmal weh, aber die Aussicht dort oben ist einfach gigantisch. Wir befinden uns direkt neben einem Gletscher und wir k\u00f6nnen weit ins Tal zum H\u00fchnersee sehen. Oben wartet Martin mit der gro\u00dfen Glocke (h\u00f6chster Punkt), aber vom Briefing wissen wir, dass uns ein harter und technischer Downhill bevorsteht. <\/p>\n\n\n\n<figure class=\"wp-block-image size-large\"><a href=\"https:\/\/rockyourgoal.de\/wp-content\/uploads\/2023\/09\/erfahrung-transalpine-run-2023-vierte-etappe-gletscher.jpg\"><img loading=\"lazy\" decoding=\"async\" width=\"1024\" height=\"768\" src=\"http:\/\/rockyourgoal.de\/wp-content\/uploads\/2023\/09\/erfahrung-transalpine-run-2023-vierte-etappe-gletscher-1024x768.jpg\" alt=\"\" class=\"wp-image-14268\" srcset=\"https:\/\/rockyourgoal.de\/wp-content\/uploads\/2023\/09\/erfahrung-transalpine-run-2023-vierte-etappe-gletscher-1024x768.jpg 1024w, https:\/\/rockyourgoal.de\/wp-content\/uploads\/2023\/09\/erfahrung-transalpine-run-2023-vierte-etappe-gletscher-300x225.jpg 300w, https:\/\/rockyourgoal.de\/wp-content\/uploads\/2023\/09\/erfahrung-transalpine-run-2023-vierte-etappe-gletscher-768x576.jpg 768w, https:\/\/rockyourgoal.de\/wp-content\/uploads\/2023\/09\/erfahrung-transalpine-run-2023-vierte-etappe-gletscher-16x12.jpg 16w, https:\/\/rockyourgoal.de\/wp-content\/uploads\/2023\/09\/erfahrung-transalpine-run-2023-vierte-etappe-gletscher.jpg 1130w\" sizes=\"auto, (max-width: 1024px) 100vw, 1024px\" \/><\/a><figcaption class=\"wp-element-caption\">Unsere Aussicht auf den Gletscher von der Seel\u00fccke Silvretta. Einfach gigantisch!<\/figcaption><\/figure>\n\n\n\n<p>Wir beginnen den Downhill und ja, hier muss jeder Schritt vorsichtig gesetzt werden. Der mit einfachen Balken gesicherte, schmale Pfad f\u00fchrt steil nach unten und ist mit rutschigem Ger\u00f6ll bedeckt. Doch danach wird es nicht leichter, denn nun m\u00fcssen wir hunderte Meter (teils lockere) Schiefersteinplatten \u00fcberwinden. Wir suchen unseren Weg von Platte zu Platte und passen gut auf, dass wir nicht in eine L\u00fccke treten, denn das birgt enormes Verletzungspotential. Gef\u00fchlt kommen wir kaum voran und langsam machen wir uns doch um die dritte Cutoff-Zeit Sorgen, denn die Zeit vergeht und wir machen (gef\u00fchlt) zu wenig Meter. <\/p>\n\n\n\n<p>Doch wie es oft so ist, wird das Gel\u00e4nde langsam einfacher und wir fallen in einen gem\u00e4chlichen Laufschritt durch das Tal des H\u00fchnersees. Hier staut sich nun wieder die Hitze und ich f\u00fclle meine Wasserflasche in einem Bach nach. <\/p>\n\n\n\n<p>Um das Tal verlassen zu k\u00f6nnen, m\u00fcssen wir nun weitere 250 H\u00f6henmeter \u00fcberwinden, und die haben es (wie im Briefing vorhergesagt) in sich. Sie sind nicht nur steil, sondern auch technisch anspruchsvoll. PlanB hat das Gel\u00e4nde mit dicken &#8222;Gef\u00e4hrlich&#8220; Warntafeln ausgestattet und an einer Stelle ein Fixseil angebracht. Das ist echt gro\u00dfes Kino! Mir ist bewusst, dass man hier sehr aufpassen muss, aber mir machen solche Stellen Freude. Das geh\u00f6rt irgendwie zu den Bergen dazu und wie es so oft ist, die Zeit vergeht schneller &#8222;im Tunnel der Konzentration&#8220;. <\/p>\n\n\n\n<p>Bald schon haben wir den Kamm \u00fcberwunden und nun wird der Downhill erheblich sanfter, bis er in saftige, Schweizer Wiesen m\u00fcndet. <\/p>\n\n\n\n<figure class=\"wp-block-gallery has-nested-images columns-default is-cropped wp-block-gallery-14 is-layout-flex wp-block-gallery-is-layout-flex\">\n<figure class=\"wp-block-image size-large\"><a href=\"https:\/\/rockyourgoal.de\/wp-content\/uploads\/2023\/09\/erfahrung-transalpine-run-2023-vierte-etappe-trailrunning-downhill.jpg\"><img loading=\"lazy\" decoding=\"async\" width=\"1024\" height=\"683\" data-id=\"14277\" src=\"https:\/\/rockyourgoal.de\/wp-content\/uploads\/2023\/09\/erfahrung-transalpine-run-2023-vierte-etappe-trailrunning-downhill-1024x683.jpg\" alt=\"\" class=\"wp-image-14277\" srcset=\"https:\/\/rockyourgoal.de\/wp-content\/uploads\/2023\/09\/erfahrung-transalpine-run-2023-vierte-etappe-trailrunning-downhill-1024x683.jpg 1024w, https:\/\/rockyourgoal.de\/wp-content\/uploads\/2023\/09\/erfahrung-transalpine-run-2023-vierte-etappe-trailrunning-downhill-300x200.jpg 300w, https:\/\/rockyourgoal.de\/wp-content\/uploads\/2023\/09\/erfahrung-transalpine-run-2023-vierte-etappe-trailrunning-downhill-768x512.jpg 768w, https:\/\/rockyourgoal.de\/wp-content\/uploads\/2023\/09\/erfahrung-transalpine-run-2023-vierte-etappe-trailrunning-downhill-18x12.jpg 18w, https:\/\/rockyourgoal.de\/wp-content\/uploads\/2023\/09\/erfahrung-transalpine-run-2023-vierte-etappe-trailrunning-downhill.jpg 1120w\" sizes=\"auto, (max-width: 1024px) 100vw, 1024px\" \/><\/a><figcaption class=\"wp-element-caption\">Der Downhill wird <\/figcaption><\/figure>\n\n\n\n<figure class=\"wp-block-image size-large\"><a href=\"https:\/\/rockyourgoal.de\/wp-content\/uploads\/2023\/09\/erfahrung-transalpine-run-2023-vierte-etappe-trailrunning-downhill1.jpg\"><img loading=\"lazy\" decoding=\"async\" width=\"1024\" height=\"683\" data-id=\"14276\" src=\"https:\/\/rockyourgoal.de\/wp-content\/uploads\/2023\/09\/erfahrung-transalpine-run-2023-vierte-etappe-trailrunning-downhill1-1024x683.jpg\" alt=\"\" class=\"wp-image-14276\" srcset=\"https:\/\/rockyourgoal.de\/wp-content\/uploads\/2023\/09\/erfahrung-transalpine-run-2023-vierte-etappe-trailrunning-downhill1-1024x683.jpg 1024w, https:\/\/rockyourgoal.de\/wp-content\/uploads\/2023\/09\/erfahrung-transalpine-run-2023-vierte-etappe-trailrunning-downhill1-300x200.jpg 300w, https:\/\/rockyourgoal.de\/wp-content\/uploads\/2023\/09\/erfahrung-transalpine-run-2023-vierte-etappe-trailrunning-downhill1-768x512.jpg 768w, https:\/\/rockyourgoal.de\/wp-content\/uploads\/2023\/09\/erfahrung-transalpine-run-2023-vierte-etappe-trailrunning-downhill1-18x12.jpg 18w, https:\/\/rockyourgoal.de\/wp-content\/uploads\/2023\/09\/erfahrung-transalpine-run-2023-vierte-etappe-trailrunning-downhill1.jpg 1120w\" sizes=\"auto, (max-width: 1024px) 100vw, 1024px\" \/><\/a><figcaption class=\"wp-element-caption\">von Meter zu Meter <\/figcaption><\/figure>\n\n\n\n<figure class=\"wp-block-image size-large\"><a href=\"https:\/\/rockyourgoal.de\/wp-content\/uploads\/2023\/09\/erfahrung-transalpine-run-2023-vierte-etappe-panorama.jpg\"><img loading=\"lazy\" decoding=\"async\" width=\"1024\" height=\"682\" data-id=\"14275\" src=\"https:\/\/rockyourgoal.de\/wp-content\/uploads\/2023\/09\/erfahrung-transalpine-run-2023-vierte-etappe-panorama-1024x682.jpg\" alt=\"\" class=\"wp-image-14275\" srcset=\"https:\/\/rockyourgoal.de\/wp-content\/uploads\/2023\/09\/erfahrung-transalpine-run-2023-vierte-etappe-panorama-1024x682.jpg 1024w, https:\/\/rockyourgoal.de\/wp-content\/uploads\/2023\/09\/erfahrung-transalpine-run-2023-vierte-etappe-panorama-300x200.jpg 300w, https:\/\/rockyourgoal.de\/wp-content\/uploads\/2023\/09\/erfahrung-transalpine-run-2023-vierte-etappe-panorama-768x511.jpg 768w, https:\/\/rockyourgoal.de\/wp-content\/uploads\/2023\/09\/erfahrung-transalpine-run-2023-vierte-etappe-panorama-18x12.jpg 18w, https:\/\/rockyourgoal.de\/wp-content\/uploads\/2023\/09\/erfahrung-transalpine-run-2023-vierte-etappe-panorama.jpg 1280w\" sizes=\"auto, (max-width: 1024px) 100vw, 1024px\" \/><\/a><figcaption class=\"wp-element-caption\">sanfter, bis wir immer mehr <\/figcaption><\/figure>\n\n\n\n<figure class=\"wp-block-image size-large\"><a href=\"https:\/\/rockyourgoal.de\/wp-content\/uploads\/2023\/09\/erfahrung-transalpine-run-2023-vierte-etappe-panorama1.jpg\"><img loading=\"lazy\" decoding=\"async\" width=\"1024\" height=\"682\" data-id=\"14274\" src=\"https:\/\/rockyourgoal.de\/wp-content\/uploads\/2023\/09\/erfahrung-transalpine-run-2023-vierte-etappe-panorama1-1024x682.jpg\" alt=\"\" class=\"wp-image-14274\" srcset=\"https:\/\/rockyourgoal.de\/wp-content\/uploads\/2023\/09\/erfahrung-transalpine-run-2023-vierte-etappe-panorama1-1024x682.jpg 1024w, https:\/\/rockyourgoal.de\/wp-content\/uploads\/2023\/09\/erfahrung-transalpine-run-2023-vierte-etappe-panorama1-300x200.jpg 300w, https:\/\/rockyourgoal.de\/wp-content\/uploads\/2023\/09\/erfahrung-transalpine-run-2023-vierte-etappe-panorama1-768x511.jpg 768w, https:\/\/rockyourgoal.de\/wp-content\/uploads\/2023\/09\/erfahrung-transalpine-run-2023-vierte-etappe-panorama1-18x12.jpg 18w, https:\/\/rockyourgoal.de\/wp-content\/uploads\/2023\/09\/erfahrung-transalpine-run-2023-vierte-etappe-panorama1.jpg 1400w\" sizes=\"auto, (max-width: 1024px) 100vw, 1024px\" \/><\/a><figcaption class=\"wp-element-caption\">Tempo aufnehmen <\/figcaption><\/figure>\n\n\n\n<figure class=\"wp-block-image size-large\"><a href=\"https:\/\/rockyourgoal.de\/wp-content\/uploads\/2023\/09\/erfahrung-transalpine-run-2023-vierte-etappe-panorama2.jpg\"><img loading=\"lazy\" decoding=\"async\" width=\"1024\" height=\"682\" data-id=\"14273\" src=\"https:\/\/rockyourgoal.de\/wp-content\/uploads\/2023\/09\/erfahrung-transalpine-run-2023-vierte-etappe-panorama2-1024x682.jpg\" alt=\"\" class=\"wp-image-14273\" srcset=\"https:\/\/rockyourgoal.de\/wp-content\/uploads\/2023\/09\/erfahrung-transalpine-run-2023-vierte-etappe-panorama2-1024x682.jpg 1024w, https:\/\/rockyourgoal.de\/wp-content\/uploads\/2023\/09\/erfahrung-transalpine-run-2023-vierte-etappe-panorama2-300x200.jpg 300w, https:\/\/rockyourgoal.de\/wp-content\/uploads\/2023\/09\/erfahrung-transalpine-run-2023-vierte-etappe-panorama2-768x511.jpg 768w, https:\/\/rockyourgoal.de\/wp-content\/uploads\/2023\/09\/erfahrung-transalpine-run-2023-vierte-etappe-panorama2-18x12.jpg 18w, https:\/\/rockyourgoal.de\/wp-content\/uploads\/2023\/09\/erfahrung-transalpine-run-2023-vierte-etappe-panorama2.jpg 1400w\" sizes=\"auto, (max-width: 1024px) 100vw, 1024px\" \/><\/a><figcaption class=\"wp-element-caption\">k\u00f6nnen und der dritten<\/figcaption><\/figure>\n\n\n\n<figure class=\"wp-block-image size-large\"><a href=\"https:\/\/rockyourgoal.de\/wp-content\/uploads\/2023\/09\/erfahrung-transalpine-run-2023-vierte-etappe-trinken.jpg\"><img loading=\"lazy\" decoding=\"async\" width=\"1024\" height=\"682\" data-id=\"14278\" src=\"https:\/\/rockyourgoal.de\/wp-content\/uploads\/2023\/09\/erfahrung-transalpine-run-2023-vierte-etappe-trinken-1024x682.jpg\" alt=\"\" class=\"wp-image-14278\" srcset=\"https:\/\/rockyourgoal.de\/wp-content\/uploads\/2023\/09\/erfahrung-transalpine-run-2023-vierte-etappe-trinken-1024x682.jpg 1024w, https:\/\/rockyourgoal.de\/wp-content\/uploads\/2023\/09\/erfahrung-transalpine-run-2023-vierte-etappe-trinken-300x200.jpg 300w, https:\/\/rockyourgoal.de\/wp-content\/uploads\/2023\/09\/erfahrung-transalpine-run-2023-vierte-etappe-trinken-768x511.jpg 768w, https:\/\/rockyourgoal.de\/wp-content\/uploads\/2023\/09\/erfahrung-transalpine-run-2023-vierte-etappe-trinken-18x12.jpg 18w, https:\/\/rockyourgoal.de\/wp-content\/uploads\/2023\/09\/erfahrung-transalpine-run-2023-vierte-etappe-trinken.jpg 1400w\" sizes=\"auto, (max-width: 1024px) 100vw, 1024px\" \/><\/a><figcaption class=\"wp-element-caption\">Verpflegungsstation entgegen rennen<\/figcaption><\/figure>\n<\/figure>\n\n\n\n<p>Wir erreichen die dritte Verpflegungsstation rechtzeitig, verpflegen uns ausgiebig (ich habe heute irgendwie Hei\u00dfhunger auf Gummib\u00e4rchen) und laufen weiter dem Ziel in Klosters entgegen. Nun sind nur noch neun Kilometer zur\u00fcckzulegen. Von einem kurzen, steilen St\u00fcck Downhill abgesehen sind diese jedoch unspektakul\u00e4r und so erreichen wir das Ziel m\u00fcde, aber gl\u00fccklich! <\/p>\n\n\n\n<figure class=\"wp-block-image size-large\"><a href=\"https:\/\/rockyourgoal.de\/wp-content\/uploads\/2023\/09\/erfahrung-transalpine-run-2023-vierte-etappe-regenbogen.jpg\"><img loading=\"lazy\" decoding=\"async\" width=\"1024\" height=\"622\" src=\"http:\/\/rockyourgoal.de\/wp-content\/uploads\/2023\/09\/erfahrung-transalpine-run-2023-vierte-etappe-regenbogen-1024x622.jpg\" alt=\"\" class=\"wp-image-14266\" srcset=\"https:\/\/rockyourgoal.de\/wp-content\/uploads\/2023\/09\/erfahrung-transalpine-run-2023-vierte-etappe-regenbogen-1024x622.jpg 1024w, https:\/\/rockyourgoal.de\/wp-content\/uploads\/2023\/09\/erfahrung-transalpine-run-2023-vierte-etappe-regenbogen-300x182.jpg 300w, https:\/\/rockyourgoal.de\/wp-content\/uploads\/2023\/09\/erfahrung-transalpine-run-2023-vierte-etappe-regenbogen-768x467.jpg 768w, https:\/\/rockyourgoal.de\/wp-content\/uploads\/2023\/09\/erfahrung-transalpine-run-2023-vierte-etappe-regenbogen-18x12.jpg 18w, https:\/\/rockyourgoal.de\/wp-content\/uploads\/2023\/09\/erfahrung-transalpine-run-2023-vierte-etappe-regenbogen.jpg 1511w\" sizes=\"auto, (max-width: 1024px) 100vw, 1024px\" \/><\/a><figcaption class=\"wp-element-caption\">Ziel in Klosters erreicht! &#8211; Selbst die Natur freut sich und schenkt uns einen Regenbogen<\/figcaption><\/figure>\n\n\n\n<p>Wir sind sehr stolz, dass wir bereits mehr als die H\u00e4lfte des TAR geschafft haben! Das ist f\u00fcr uns eine unglaubliche Leistung und macht uns sehr stolz, auch wenn wir dem\u00fctig bleiben, denn morgen steht die l\u00e4ngste Etappe bevor&#8230;.. <\/p>\n\n\n\n<p>Im Briefing am Abend erfahren wir, dass wir morgen erneut um 06:00 Uhr starten m\u00fcssen und das Wetter schlechter werden soll. <\/p>\n\n\n\n<h2 class=\"wp-block-heading\">Transalpine Run 2023 &#8211; F\u00fcnfte Etappe (Ersatzetappe) &#8211; Auf den Motta Naluns (Scuol)<\/h2>\n\n\n\n<p>Wir werden heute Morgen von Donnerkrachen und hellen Blitzen geweckt. Uns ist mulmig zumute, denn wir haben heute 48 Kilometer und \u00fcber 2000 H\u00f6henmeter vor uns. Wir bereiten routinem\u00e4\u00dfig unsere Tasche zur Abholung vor, f\u00fcllen unsere Flaschen und gehen Fr\u00fchst\u00fccken. Das Wetter wird nicht besser und bald schon folgt eine SMS von PlanB, dass wir uns um 06:00 Uhr in der Halle der gestrigen Pasta-Party einfinden um das weitere Vorgehen zu besprechen. Wir ahnen, dass es heute \u00c4nderungen geben wird. <\/p>\n\n\n\n<p>Dieser Eindruck best\u00e4tigt sich, als wir auf dem Weg zu der Halle sehen, dass der Startbereich zwischenzeitlich ger\u00e4umt wurde. Wir werden von Alphorn-Bl\u00e4sern empfangen, bevor wir die Rennleitung live aus den Bergen aus den Lautsprechern des Raumes h\u00f6ren. Wir h\u00f6ren, dass auch dort ein starkes Gewitter tobt und dass an eine Durchf\u00fchrung der Etappe aus Sicherheitsgr\u00fcnden nicht zu denken sei. <\/p>\n\n\n\n<figure class=\"wp-block-image size-large\"><a href=\"https:\/\/rockyourgoal.de\/wp-content\/uploads\/2023\/09\/erfahrung-transalpine-run-2023-5te-etappe-alphorn.jpg\"><img loading=\"lazy\" decoding=\"async\" width=\"1024\" height=\"566\" src=\"http:\/\/rockyourgoal.de\/wp-content\/uploads\/2023\/09\/erfahrung-transalpine-run-2023-5te-etappe-alphorn-1024x566.jpg\" alt=\"\" class=\"wp-image-14312\" srcset=\"https:\/\/rockyourgoal.de\/wp-content\/uploads\/2023\/09\/erfahrung-transalpine-run-2023-5te-etappe-alphorn-1024x566.jpg 1024w, https:\/\/rockyourgoal.de\/wp-content\/uploads\/2023\/09\/erfahrung-transalpine-run-2023-5te-etappe-alphorn-300x166.jpg 300w, https:\/\/rockyourgoal.de\/wp-content\/uploads\/2023\/09\/erfahrung-transalpine-run-2023-5te-etappe-alphorn-768x424.jpg 768w, https:\/\/rockyourgoal.de\/wp-content\/uploads\/2023\/09\/erfahrung-transalpine-run-2023-5te-etappe-alphorn-18x10.jpg 18w, https:\/\/rockyourgoal.de\/wp-content\/uploads\/2023\/09\/erfahrung-transalpine-run-2023-5te-etappe-alphorn.jpg 1091w\" sizes=\"auto, (max-width: 1024px) 100vw, 1024px\" \/><\/a><figcaption class=\"wp-element-caption\">Alph\u00f6rner zu fr\u00fcher Stunde! Ich fand das echt beeindruckend und sch\u00f6n. <\/figcaption><\/figure>\n\n\n\n<p>Der Vorschlag ist, dass ab 15:00 Uhr ein Bergsprint auf den Motta Naluns in Scuol erfolgt, da die Pasta-Party sowieso oben auf dem Berg geplant war und somit das Ziel direkt vor der Halle aufgebaut werden kann. Auch hier muss das Wetter passen, aber das w\u00e4re der Plan. <\/p>\n\n\n\n<p>Wir erfahren die jeweiligen Abfahrtszeiten der Z\u00fcge in Richtung Scuol auf Kosten des Veranstalters. Aus meiner Sicht ist diese L\u00f6sung konsequent und richtig! <\/p>\n\n\n\n<p>Wir haben Gl\u00fcck und k\u00f6nnen noch einmal in den Fr\u00fchst\u00fccksraum unseres Hotels zur\u00fcck, wo wir eine weitere Stunde verbringen, bevor wir nach Scuol fahren und dort unser Hotel beziehen. Wir haben Gl\u00fcck, dass ein &#8222;early checkin&#8220; erfolgen kann, so dass wir unser Zimmer bereits sehr fr\u00fch beziehen k\u00f6nnen. <\/p>\n\n\n\n<p>Bis 15:00 Uhr haben wir einen halben Tag Zeit und den nutzen wir um den K\u00f6rper auszuruhen, zu essen und uns auf die Bergsprintetappe vorzubereiten. <\/p>\n\n\n\n<p>Der eigentliche Bergsprint macht einfach nur Spa\u00df! 900 H\u00f6henmeter, verteilt auf ca. 8 Kilometer. Ich habe Spa\u00df und genie\u00dfe das Essen bei der folgenden Pasta Party. <\/p>\n\n\n\n<figure class=\"wp-block-gallery has-nested-images columns-default is-cropped wp-block-gallery-15 is-layout-flex wp-block-gallery-is-layout-flex\">\n<figure class=\"wp-block-image size-large\"><a href=\"https:\/\/rockyourgoal.de\/wp-content\/uploads\/2023\/09\/erfahrung-transalpine-run-2023-5te-etappe-kirche-scuol.jpg\"><img loading=\"lazy\" decoding=\"async\" width=\"768\" height=\"1024\" data-id=\"14311\" src=\"https:\/\/rockyourgoal.de\/wp-content\/uploads\/2023\/09\/erfahrung-transalpine-run-2023-5te-etappe-kirche-scuol-768x1024.jpg\" alt=\"\" class=\"wp-image-14311\" srcset=\"https:\/\/rockyourgoal.de\/wp-content\/uploads\/2023\/09\/erfahrung-transalpine-run-2023-5te-etappe-kirche-scuol-768x1023.jpg 768w, https:\/\/rockyourgoal.de\/wp-content\/uploads\/2023\/09\/erfahrung-transalpine-run-2023-5te-etappe-kirche-scuol-225x300.jpg 225w, https:\/\/rockyourgoal.de\/wp-content\/uploads\/2023\/09\/erfahrung-transalpine-run-2023-5te-etappe-kirche-scuol-9x12.jpg 9w, https:\/\/rockyourgoal.de\/wp-content\/uploads\/2023\/09\/erfahrung-transalpine-run-2023-5te-etappe-kirche-scuol.jpg 908w\" sizes=\"auto, (max-width: 768px) 100vw, 768px\" \/><\/a><figcaption class=\"wp-element-caption\">Scuol mit seiner sch\u00f6nen Kirche<\/figcaption><\/figure>\n\n\n\n<figure class=\"wp-block-image size-large\"><a href=\"https:\/\/rockyourgoal.de\/wp-content\/uploads\/2023\/09\/erfahrung-transalpine-run-2023-5te-etappe-reini-und-uwe-scuol.jpg\"><img loading=\"lazy\" decoding=\"async\" width=\"769\" height=\"1024\" data-id=\"14310\" src=\"https:\/\/rockyourgoal.de\/wp-content\/uploads\/2023\/09\/erfahrung-transalpine-run-2023-5te-etappe-reini-und-uwe-scuol-769x1024.jpg\" alt=\"\" class=\"wp-image-14310\" srcset=\"https:\/\/rockyourgoal.de\/wp-content\/uploads\/2023\/09\/erfahrung-transalpine-run-2023-5te-etappe-reini-und-uwe-scuol-769x1024.jpg 769w, https:\/\/rockyourgoal.de\/wp-content\/uploads\/2023\/09\/erfahrung-transalpine-run-2023-5te-etappe-reini-und-uwe-scuol-225x300.jpg 225w, https:\/\/rockyourgoal.de\/wp-content\/uploads\/2023\/09\/erfahrung-transalpine-run-2023-5te-etappe-reini-und-uwe-scuol-768x1022.jpg 768w, https:\/\/rockyourgoal.de\/wp-content\/uploads\/2023\/09\/erfahrung-transalpine-run-2023-5te-etappe-reini-und-uwe-scuol-9x12.jpg 9w, https:\/\/rockyourgoal.de\/wp-content\/uploads\/2023\/09\/erfahrung-transalpine-run-2023-5te-etappe-reini-und-uwe-scuol.jpg 812w\" sizes=\"auto, (max-width: 769px) 100vw, 769px\" \/><\/a><figcaption class=\"wp-element-caption\">\ud83d\ude42<\/figcaption><\/figure>\n\n\n\n<figure class=\"wp-block-image size-large\"><a href=\"https:\/\/rockyourgoal.de\/wp-content\/uploads\/2023\/09\/erfahrung-transalpine-run-2023-5te-etappe-oben-auf-dem-berg.jpg\"><img loading=\"lazy\" decoding=\"async\" width=\"696\" height=\"927\" data-id=\"14309\" src=\"https:\/\/rockyourgoal.de\/wp-content\/uploads\/2023\/09\/erfahrung-transalpine-run-2023-5te-etappe-oben-auf-dem-berg.jpg\" alt=\"\" class=\"wp-image-14309\" srcset=\"https:\/\/rockyourgoal.de\/wp-content\/uploads\/2023\/09\/erfahrung-transalpine-run-2023-5te-etappe-oben-auf-dem-berg.jpg 696w, https:\/\/rockyourgoal.de\/wp-content\/uploads\/2023\/09\/erfahrung-transalpine-run-2023-5te-etappe-oben-auf-dem-berg-225x300.jpg 225w, https:\/\/rockyourgoal.de\/wp-content\/uploads\/2023\/09\/erfahrung-transalpine-run-2023-5te-etappe-oben-auf-dem-berg-9x12.jpg 9w\" sizes=\"auto, (max-width: 696px) 100vw, 696px\" \/><\/a><figcaption class=\"wp-element-caption\">Die Aussicht oben auf dem Motta Naluns<\/figcaption><\/figure>\n\n\n\n<figure class=\"wp-block-image size-large\"><a href=\"https:\/\/rockyourgoal.de\/wp-content\/uploads\/2023\/09\/erfahrung-transalpine-run-2023-5te-etappe-unterhalten.jpg\"><img loading=\"lazy\" decoding=\"async\" width=\"1024\" height=\"684\" data-id=\"14306\" src=\"https:\/\/rockyourgoal.de\/wp-content\/uploads\/2023\/09\/erfahrung-transalpine-run-2023-5te-etappe-unterhalten-1024x684.jpg\" alt=\"\" class=\"wp-image-14306\" srcset=\"https:\/\/rockyourgoal.de\/wp-content\/uploads\/2023\/09\/erfahrung-transalpine-run-2023-5te-etappe-unterhalten-1024x684.jpg 1024w, https:\/\/rockyourgoal.de\/wp-content\/uploads\/2023\/09\/erfahrung-transalpine-run-2023-5te-etappe-unterhalten-300x200.jpg 300w, https:\/\/rockyourgoal.de\/wp-content\/uploads\/2023\/09\/erfahrung-transalpine-run-2023-5te-etappe-unterhalten-768x513.jpg 768w, https:\/\/rockyourgoal.de\/wp-content\/uploads\/2023\/09\/erfahrung-transalpine-run-2023-5te-etappe-unterhalten-18x12.jpg 18w, https:\/\/rockyourgoal.de\/wp-content\/uploads\/2023\/09\/erfahrung-transalpine-run-2023-5te-etappe-unterhalten.jpg 1200w\" sizes=\"auto, (max-width: 1024px) 100vw, 1024px\" \/><\/a><figcaption class=\"wp-element-caption\">Gespr\u00e4che beim Aufstieg<\/figcaption><\/figure>\n\n\n\n<figure class=\"wp-block-image size-large\"><a href=\"https:\/\/rockyourgoal.de\/wp-content\/uploads\/2023\/09\/erfahrung-transalpine-run-2023-5te-etappe-reini-kommt-an.jpg\"><img loading=\"lazy\" decoding=\"async\" width=\"756\" height=\"1008\" data-id=\"14308\" src=\"https:\/\/rockyourgoal.de\/wp-content\/uploads\/2023\/09\/erfahrung-transalpine-run-2023-5te-etappe-reini-kommt-an.jpg\" alt=\"\" class=\"wp-image-14308\" srcset=\"https:\/\/rockyourgoal.de\/wp-content\/uploads\/2023\/09\/erfahrung-transalpine-run-2023-5te-etappe-reini-kommt-an.jpg 756w, https:\/\/rockyourgoal.de\/wp-content\/uploads\/2023\/09\/erfahrung-transalpine-run-2023-5te-etappe-reini-kommt-an-225x300.jpg 225w, https:\/\/rockyourgoal.de\/wp-content\/uploads\/2023\/09\/erfahrung-transalpine-run-2023-5te-etappe-reini-kommt-an-9x12.jpg 9w\" sizes=\"auto, (max-width: 756px) 100vw, 756px\" \/><\/a><figcaption class=\"wp-element-caption\">Reini vor der Timing-Matte<\/figcaption><\/figure>\n\n\n\n<figure class=\"wp-block-image size-large\"><a href=\"https:\/\/rockyourgoal.de\/wp-content\/uploads\/2023\/09\/erfahrung-transalpine-run-2023-5te-etappe-schoenes-schild.jpg\"><img loading=\"lazy\" decoding=\"async\" width=\"605\" height=\"807\" data-id=\"14307\" src=\"https:\/\/rockyourgoal.de\/wp-content\/uploads\/2023\/09\/erfahrung-transalpine-run-2023-5te-etappe-schoenes-schild.jpg\" alt=\"\" class=\"wp-image-14307\" srcset=\"https:\/\/rockyourgoal.de\/wp-content\/uploads\/2023\/09\/erfahrung-transalpine-run-2023-5te-etappe-schoenes-schild.jpg 605w, https:\/\/rockyourgoal.de\/wp-content\/uploads\/2023\/09\/erfahrung-transalpine-run-2023-5te-etappe-schoenes-schild-225x300.jpg 225w, https:\/\/rockyourgoal.de\/wp-content\/uploads\/2023\/09\/erfahrung-transalpine-run-2023-5te-etappe-schoenes-schild-9x12.jpg 9w\" sizes=\"auto, (max-width: 605px) 100vw, 605px\" \/><\/a><figcaption class=\"wp-element-caption\">Ich fand den Spruch sch\u00f6n<\/figcaption><\/figure>\n<\/figure>\n\n\n\n<p>Wir folgen gespannt dem Briefing f\u00fcr die morgige Etappe, fahren mit der Gondel wieder hinunter nach Scuol und freuen uns vor dem Gang ins Bett auf die morgige Etappe. <\/p>\n\n\n\n<p>Hier folgt das Video mit den sch\u00f6nsten Bildern der f\u00fcnften Etappe<\/p>\n\n\n\n<figure class=\"wp-block-embed is-type-video is-provider-youtube wp-block-embed-youtube wp-embed-aspect-16-9 wp-has-aspect-ratio\"><div class=\"wp-block-embed__wrapper\">\n<iframe loading=\"lazy\" title=\"Stage 5 Highlight Clip Dynafit Transalpine Run powered by Volkswagen R 2023\" width=\"800\" height=\"450\" src=\"https:\/\/www.youtube.com\/embed\/NFwo7ZgYYYY?feature=oembed\" frameborder=\"0\" allow=\"accelerometer; autoplay; clipboard-write; encrypted-media; gyroscope; picture-in-picture; web-share\" allowfullscreen><\/iframe>\n<\/div><\/figure>\n\n\n\n<p>Ich fand dem Umgang von PlanB mit dieser schwierigen Situation sehr professionell, klar und gut. Einen gro\u00dfen Respekt daf\u00fcr!<\/p>\n\n\n\n<h2 class=\"wp-block-heading\">Transalpine Run 2023 &#8211; Sechste Etappe &#8211; Von Scuol (CH) nach St. Valentin auf der Heide (IT)<\/h2>\n\n\n\n<p>Heute starten wir um 07:00 Uhr von Scuol aus. Die Wettervorhersage f\u00fcr ist durchwachsen, aber das st\u00f6rt uns als L\u00e4ufer nicht, denn technisch soll die folgende Etappe nicht allzu schwierig werden. Uns erwarten 34,5 Kilometer und 2250 H\u00f6henmeter und der h\u00f6chste Punkt des gesamten Rennens. <\/p>\n\n\n\n<figure class=\"wp-block-image size-full\"><a href=\"https:\/\/rockyourgoal.de\/wp-content\/uploads\/2023\/09\/Transalpin-Run-sechste-Etappe.png\"><img loading=\"lazy\" decoding=\"async\" width=\"966\" height=\"670\" src=\"http:\/\/rockyourgoal.de\/wp-content\/uploads\/2023\/09\/Transalpin-Run-sechste-Etappe.png\" alt=\"\" class=\"wp-image-14387\" srcset=\"https:\/\/rockyourgoal.de\/wp-content\/uploads\/2023\/09\/Transalpin-Run-sechste-Etappe.png 966w, https:\/\/rockyourgoal.de\/wp-content\/uploads\/2023\/09\/Transalpin-Run-sechste-Etappe-300x208.png 300w, https:\/\/rockyourgoal.de\/wp-content\/uploads\/2023\/09\/Transalpin-Run-sechste-Etappe-768x533.png 768w, https:\/\/rockyourgoal.de\/wp-content\/uploads\/2023\/09\/Transalpin-Run-sechste-Etappe-18x12.png 18w\" sizes=\"auto, (max-width: 966px) 100vw, 966px\" \/><\/a><figcaption class=\"wp-element-caption\">Der erste Anstieg wird knackig werden &#8211; Die Topographie der sechsten Etappe von Scuol nach St. Valentin<\/figcaption><\/figure>\n\n\n\n<p>Reini und ich haben als gr\u00f6\u00dfte Herausforderung die Cutoff-Zeit der ersten Verpflegungsstation bei Kilometer 8,5 nach zwei Stunden und 45 Minuten und etwa 1200 H\u00f6henmeter ausgemacht und versuchen deshalb vom letzten Ton von &#8222;Highway to Hell&#8220; an, flott vorw\u00e4rts zu kommen ohne uns zu \u00fcberanstrengen. <\/p>\n\n\n\n<p>Unsere Beine sind, trotz der vielen Kilometer und H\u00f6henmeter, relativ frisch und wir laufen ohne Schmerzen, wenn man mal von meinen mittlerweile etwas mitgenommenen, \u00e4u\u00dferen Zehen absieht. Aber die tun zum Gl\u00fcck fast nur beim Downhill weh \ud83d\ude42<\/p>\n\n\n\n<p>Nach einer Stunde liegen wir hervorragend in der Zeit und das gibt Sicherheit. Wir steigen flott nach oben und erreichen die erste Verpflegungsstation sogar eine halbe Stunde vor der Cut-Off-Zeit. Nachdem wir bereits 1200 H\u00f6henmeter in den Beinen haben, verpflegen wir uns ausgiebig und nehmen die letzten H\u00f6henmeter im Anstieg zum Piz Lischana in Angriff. Mit 2.975m \u00fc.n ist es der h\u00f6chste Punkt des Transalpin Runs 2023 und wir freuen uns sehr, als wir auch hier Martin mit seiner Glocke sehen. <\/p>\n\n\n\n<figure class=\"wp-block-gallery has-nested-images columns-default is-cropped wp-block-gallery-16 is-layout-flex wp-block-gallery-is-layout-flex\">\n<figure class=\"wp-block-image size-large\"><a href=\"https:\/\/rockyourgoal.de\/wp-content\/uploads\/2023\/09\/erfahrung-transalpin-run-2023-sechste-etappe-berge-im-nebel.jpg\"><img loading=\"lazy\" decoding=\"async\" width=\"1008\" height=\"756\" data-id=\"14376\" src=\"https:\/\/rockyourgoal.de\/wp-content\/uploads\/2023\/09\/erfahrung-transalpin-run-2023-sechste-etappe-berge-im-nebel.jpg\" alt=\"\" class=\"wp-image-14376\" srcset=\"https:\/\/rockyourgoal.de\/wp-content\/uploads\/2023\/09\/erfahrung-transalpin-run-2023-sechste-etappe-berge-im-nebel.jpg 1008w, https:\/\/rockyourgoal.de\/wp-content\/uploads\/2023\/09\/erfahrung-transalpin-run-2023-sechste-etappe-berge-im-nebel-300x225.jpg 300w, https:\/\/rockyourgoal.de\/wp-content\/uploads\/2023\/09\/erfahrung-transalpin-run-2023-sechste-etappe-berge-im-nebel-768x576.jpg 768w, https:\/\/rockyourgoal.de\/wp-content\/uploads\/2023\/09\/erfahrung-transalpin-run-2023-sechste-etappe-berge-im-nebel-16x12.jpg 16w\" sizes=\"auto, (max-width: 1008px) 100vw, 1008px\" \/><\/a><figcaption class=\"wp-element-caption\">Im Aufstieg zum h\u00f6chsten Punkt des Tages<\/figcaption><\/figure>\n\n\n\n<figure class=\"wp-block-image size-large\"><a href=\"https:\/\/rockyourgoal.de\/wp-content\/uploads\/2023\/09\/erfahrung-transalpin-run-2023-sechste-etappe-hoechster-punkt.jpg\"><img loading=\"lazy\" decoding=\"async\" width=\"1024\" height=\"768\" data-id=\"14375\" src=\"https:\/\/rockyourgoal.de\/wp-content\/uploads\/2023\/09\/erfahrung-transalpin-run-2023-sechste-etappe-hoechster-punkt-1024x768.jpg\" alt=\"\" class=\"wp-image-14375\" srcset=\"https:\/\/rockyourgoal.de\/wp-content\/uploads\/2023\/09\/erfahrung-transalpin-run-2023-sechste-etappe-hoechster-punkt-1024x768.jpg 1024w, https:\/\/rockyourgoal.de\/wp-content\/uploads\/2023\/09\/erfahrung-transalpin-run-2023-sechste-etappe-hoechster-punkt-300x225.jpg 300w, https:\/\/rockyourgoal.de\/wp-content\/uploads\/2023\/09\/erfahrung-transalpin-run-2023-sechste-etappe-hoechster-punkt-768x576.jpg 768w, https:\/\/rockyourgoal.de\/wp-content\/uploads\/2023\/09\/erfahrung-transalpin-run-2023-sechste-etappe-hoechster-punkt-16x12.jpg 16w, https:\/\/rockyourgoal.de\/wp-content\/uploads\/2023\/09\/erfahrung-transalpin-run-2023-sechste-etappe-hoechster-punkt.jpg 1210w\" sizes=\"auto, (max-width: 1024px) 100vw, 1024px\" \/><\/a><figcaption class=\"wp-element-caption\">Mystisch<\/figcaption><\/figure>\n\n\n\n<figure class=\"wp-block-image size-large\"><a href=\"https:\/\/rockyourgoal.de\/wp-content\/uploads\/2023\/09\/erfahrung-transalpin-run-2023-sechste-etappe-mystisch.jpg\"><img loading=\"lazy\" decoding=\"async\" width=\"1024\" height=\"768\" data-id=\"14374\" src=\"https:\/\/rockyourgoal.de\/wp-content\/uploads\/2023\/09\/erfahrung-transalpin-run-2023-sechste-etappe-mystisch-1024x768.jpg\" alt=\"\" class=\"wp-image-14374\" srcset=\"https:\/\/rockyourgoal.de\/wp-content\/uploads\/2023\/09\/erfahrung-transalpin-run-2023-sechste-etappe-mystisch-1024x768.jpg 1024w, https:\/\/rockyourgoal.de\/wp-content\/uploads\/2023\/09\/erfahrung-transalpin-run-2023-sechste-etappe-mystisch-300x225.jpg 300w, https:\/\/rockyourgoal.de\/wp-content\/uploads\/2023\/09\/erfahrung-transalpin-run-2023-sechste-etappe-mystisch-768x576.jpg 768w, https:\/\/rockyourgoal.de\/wp-content\/uploads\/2023\/09\/erfahrung-transalpin-run-2023-sechste-etappe-mystisch-16x12.jpg 16w, https:\/\/rockyourgoal.de\/wp-content\/uploads\/2023\/09\/erfahrung-transalpin-run-2023-sechste-etappe-mystisch.jpg 1210w\" sizes=\"auto, (max-width: 1024px) 100vw, 1024px\" \/><\/a><figcaption class=\"wp-element-caption\">Die Wolken erzeugen eine tolle Atmosph\u00e4re<\/figcaption><\/figure>\n<\/figure>\n\n\n\n<p>Nun beginnt ein ca. zehn Kilometer langer Downhill bis zur zweiten Verpflegungsstation. Anfangs ist dieser noch steil und wir m\u00fcssen vorsichtig sein, doch bald schon wird er sanfter und gut zu laufen. Trotzdem hat die Anfangspassage des Downhills Zeit gekostet, so dass wir unsere halbe Stunde Vorsprung zur vorgegebenen Cutoff-Zeit nur leicht steigern k\u00f6nnen. Trotzdem wissen wir bereits jetzt, dass einem erfolgreichen Abschluss dieser Etappe normalerweise wenig im Weg stehen d\u00fcrfte. <\/p>\n\n\n\n<figure class=\"wp-block-gallery has-nested-images columns-4 is-cropped wp-block-gallery-17 is-layout-flex wp-block-gallery-is-layout-flex\">\n<figure class=\"wp-block-image size-large\"><a href=\"https:\/\/rockyourgoal.de\/wp-content\/uploads\/2023\/09\/erfahrung-transalpin-run-2023-sechste-etappe-scheinbar-unendlich.jpg\"><img loading=\"lazy\" decoding=\"async\" width=\"1024\" height=\"768\" data-id=\"14373\" src=\"https:\/\/rockyourgoal.de\/wp-content\/uploads\/2023\/09\/erfahrung-transalpin-run-2023-sechste-etappe-scheinbar-unendlich-1024x768.jpg\" alt=\"\" class=\"wp-image-14373\" srcset=\"https:\/\/rockyourgoal.de\/wp-content\/uploads\/2023\/09\/erfahrung-transalpin-run-2023-sechste-etappe-scheinbar-unendlich-1024x768.jpg 1024w, https:\/\/rockyourgoal.de\/wp-content\/uploads\/2023\/09\/erfahrung-transalpin-run-2023-sechste-etappe-scheinbar-unendlich-300x225.jpg 300w, https:\/\/rockyourgoal.de\/wp-content\/uploads\/2023\/09\/erfahrung-transalpin-run-2023-sechste-etappe-scheinbar-unendlich-768x576.jpg 768w, https:\/\/rockyourgoal.de\/wp-content\/uploads\/2023\/09\/erfahrung-transalpin-run-2023-sechste-etappe-scheinbar-unendlich-16x12.jpg 16w, https:\/\/rockyourgoal.de\/wp-content\/uploads\/2023\/09\/erfahrung-transalpin-run-2023-sechste-etappe-scheinbar-unendlich.jpg 1210w\" sizes=\"auto, (max-width: 1024px) 100vw, 1024px\" \/><\/a><figcaption class=\"wp-element-caption\">Noch ein paar Kilometer<\/figcaption><\/figure>\n\n\n\n<figure class=\"wp-block-image size-large\"><a href=\"https:\/\/rockyourgoal.de\/wp-content\/uploads\/2023\/09\/erfahrung-transalpin-run-2023-sechste-etappe-lange-weiten.jpg\"><img loading=\"lazy\" decoding=\"async\" width=\"756\" height=\"1008\" data-id=\"14372\" src=\"https:\/\/rockyourgoal.de\/wp-content\/uploads\/2023\/09\/erfahrung-transalpin-run-2023-sechste-etappe-lange-weiten.jpg\" alt=\"\" class=\"wp-image-14372\" srcset=\"https:\/\/rockyourgoal.de\/wp-content\/uploads\/2023\/09\/erfahrung-transalpin-run-2023-sechste-etappe-lange-weiten.jpg 756w, https:\/\/rockyourgoal.de\/wp-content\/uploads\/2023\/09\/erfahrung-transalpin-run-2023-sechste-etappe-lange-weiten-225x300.jpg 225w, https:\/\/rockyourgoal.de\/wp-content\/uploads\/2023\/09\/erfahrung-transalpin-run-2023-sechste-etappe-lange-weiten-9x12.jpg 9w\" sizes=\"auto, (max-width: 756px) 100vw, 756px\" \/><\/a><figcaption class=\"wp-element-caption\">schweizer Downhill, dann kommen wir <\/figcaption><\/figure>\n\n\n\n<figure class=\"wp-block-image size-large\"><a href=\"https:\/\/rockyourgoal.de\/wp-content\/uploads\/2023\/09\/erfahrung-transalpin-run-2023-sechste-etappe-downhill.jpg\"><img loading=\"lazy\" decoding=\"async\" width=\"1024\" height=\"768\" data-id=\"14371\" src=\"https:\/\/rockyourgoal.de\/wp-content\/uploads\/2023\/09\/erfahrung-transalpin-run-2023-sechste-etappe-downhill-1024x768.jpg\" alt=\"\" class=\"wp-image-14371\" srcset=\"https:\/\/rockyourgoal.de\/wp-content\/uploads\/2023\/09\/erfahrung-transalpin-run-2023-sechste-etappe-downhill-1024x768.jpg 1024w, https:\/\/rockyourgoal.de\/wp-content\/uploads\/2023\/09\/erfahrung-transalpin-run-2023-sechste-etappe-downhill-300x225.jpg 300w, https:\/\/rockyourgoal.de\/wp-content\/uploads\/2023\/09\/erfahrung-transalpin-run-2023-sechste-etappe-downhill-768x576.jpg 768w, https:\/\/rockyourgoal.de\/wp-content\/uploads\/2023\/09\/erfahrung-transalpin-run-2023-sechste-etappe-downhill-16x12.jpg 16w, https:\/\/rockyourgoal.de\/wp-content\/uploads\/2023\/09\/erfahrung-transalpin-run-2023-sechste-etappe-downhill.jpg 1210w\" sizes=\"auto, (max-width: 1024px) 100vw, 1024px\" \/><\/a><figcaption class=\"wp-element-caption\">in Italien an. <\/figcaption><\/figure>\n\n\n\n<figure class=\"wp-block-image size-large\"><a href=\"https:\/\/rockyourgoal.de\/wp-content\/uploads\/2023\/09\/erfahrung-transalpin-run-2023-sechste-etappe-wasserfall.jpg\"><img loading=\"lazy\" decoding=\"async\" width=\"756\" height=\"1008\" data-id=\"14370\" src=\"https:\/\/rockyourgoal.de\/wp-content\/uploads\/2023\/09\/erfahrung-transalpin-run-2023-sechste-etappe-wasserfall.jpg\" alt=\"\" class=\"wp-image-14370\" srcset=\"https:\/\/rockyourgoal.de\/wp-content\/uploads\/2023\/09\/erfahrung-transalpin-run-2023-sechste-etappe-wasserfall.jpg 756w, https:\/\/rockyourgoal.de\/wp-content\/uploads\/2023\/09\/erfahrung-transalpin-run-2023-sechste-etappe-wasserfall-225x300.jpg 225w, https:\/\/rockyourgoal.de\/wp-content\/uploads\/2023\/09\/erfahrung-transalpin-run-2023-sechste-etappe-wasserfall-9x12.jpg 9w\" sizes=\"auto, (max-width: 756px) 100vw, 756px\" \/><\/a><figcaption class=\"wp-element-caption\">\u00dcberall gibt es hier Wasser! Einfach wunderbar.<\/figcaption><\/figure>\n<\/figure>\n\n\n\n<p>Nachdem wir uns etwas mehr Zeit f\u00fcr die Verpflegung als sonst genommen haben, laufen wir mit neuer Kraft weiter in Richtung der dritten, und letzten Verpflegungsstation. Nun sind die Wege sehr gut laufbar, die Downhills sind sanft, aber es hat angefangen zu regnen. Erst ganz wenig, dann ausgiebig. Das macht aber nichts, denn der K\u00f6rper ist aufgeheizt und so ziehe ich meine Regenjacke erst sp\u00e4t an. <\/p>\n\n\n\n<figure class=\"wp-block-gallery has-nested-images columns-default is-cropped wp-block-gallery-18 is-layout-flex wp-block-gallery-is-layout-flex\">\n<figure class=\"wp-block-image size-large\"><a href=\"https:\/\/rockyourgoal.de\/wp-content\/uploads\/2023\/09\/erfahrung-transalpin-run-2023-sechste-etappe-gute-laune.jpg\"><img loading=\"lazy\" decoding=\"async\" width=\"684\" height=\"1024\" data-id=\"14377\" src=\"https:\/\/rockyourgoal.de\/wp-content\/uploads\/2023\/09\/erfahrung-transalpin-run-2023-sechste-etappe-gute-laune-684x1024.jpg\" alt=\"\" class=\"wp-image-14377\" srcset=\"https:\/\/rockyourgoal.de\/wp-content\/uploads\/2023\/09\/erfahrung-transalpin-run-2023-sechste-etappe-gute-laune-684x1024.jpg 684w, https:\/\/rockyourgoal.de\/wp-content\/uploads\/2023\/09\/erfahrung-transalpin-run-2023-sechste-etappe-gute-laune-200x300.jpg 200w, https:\/\/rockyourgoal.de\/wp-content\/uploads\/2023\/09\/erfahrung-transalpin-run-2023-sechste-etappe-gute-laune-768x1151.jpg 768w, https:\/\/rockyourgoal.de\/wp-content\/uploads\/2023\/09\/erfahrung-transalpin-run-2023-sechste-etappe-gute-laune-8x12.jpg 8w, https:\/\/rockyourgoal.de\/wp-content\/uploads\/2023\/09\/erfahrung-transalpin-run-2023-sechste-etappe-gute-laune.jpg 801w\" sizes=\"auto, (max-width: 684px) 100vw, 684px\" \/><\/a><figcaption class=\"wp-element-caption\">Gute Laune begleitet mich<\/figcaption><\/figure>\n\n\n\n<figure class=\"wp-block-image size-large\"><a href=\"https:\/\/rockyourgoal.de\/wp-content\/uploads\/2023\/09\/erfahrung-transalpin-run-2023-sechste-etappe-lach-einmal.jpg\"><img loading=\"lazy\" decoding=\"async\" width=\"1024\" height=\"683\" data-id=\"14378\" src=\"https:\/\/rockyourgoal.de\/wp-content\/uploads\/2023\/09\/erfahrung-transalpin-run-2023-sechste-etappe-lach-einmal-1024x683.jpg\" alt=\"\" class=\"wp-image-14378\" srcset=\"https:\/\/rockyourgoal.de\/wp-content\/uploads\/2023\/09\/erfahrung-transalpin-run-2023-sechste-etappe-lach-einmal-1024x683.jpg 1024w, https:\/\/rockyourgoal.de\/wp-content\/uploads\/2023\/09\/erfahrung-transalpin-run-2023-sechste-etappe-lach-einmal-300x200.jpg 300w, https:\/\/rockyourgoal.de\/wp-content\/uploads\/2023\/09\/erfahrung-transalpin-run-2023-sechste-etappe-lach-einmal-768x512.jpg 768w, https:\/\/rockyourgoal.de\/wp-content\/uploads\/2023\/09\/erfahrung-transalpin-run-2023-sechste-etappe-lach-einmal-18x12.jpg 18w, https:\/\/rockyourgoal.de\/wp-content\/uploads\/2023\/09\/erfahrung-transalpin-run-2023-sechste-etappe-lach-einmal.jpg 1200w\" sizes=\"auto, (max-width: 1024px) 100vw, 1024px\" \/><\/a><figcaption class=\"wp-element-caption\">die gesamte Etappe<\/figcaption><\/figure>\n\n\n\n<figure class=\"wp-block-image size-large\"><a href=\"https:\/\/rockyourgoal.de\/wp-content\/uploads\/2023\/09\/erfahrung-transalpin-run-2023-sechste-etappe-regen-macht-spass.jpg\"><img loading=\"lazy\" decoding=\"async\" width=\"1024\" height=\"683\" data-id=\"14379\" src=\"https:\/\/rockyourgoal.de\/wp-content\/uploads\/2023\/09\/erfahrung-transalpin-run-2023-sechste-etappe-regen-macht-spass-1024x683.jpg\" alt=\"\" class=\"wp-image-14379\" srcset=\"https:\/\/rockyourgoal.de\/wp-content\/uploads\/2023\/09\/erfahrung-transalpin-run-2023-sechste-etappe-regen-macht-spass-1024x683.jpg 1024w, https:\/\/rockyourgoal.de\/wp-content\/uploads\/2023\/09\/erfahrung-transalpin-run-2023-sechste-etappe-regen-macht-spass-300x200.jpg 300w, https:\/\/rockyourgoal.de\/wp-content\/uploads\/2023\/09\/erfahrung-transalpin-run-2023-sechste-etappe-regen-macht-spass-768x512.jpg 768w, https:\/\/rockyourgoal.de\/wp-content\/uploads\/2023\/09\/erfahrung-transalpin-run-2023-sechste-etappe-regen-macht-spass-18x12.jpg 18w, https:\/\/rockyourgoal.de\/wp-content\/uploads\/2023\/09\/erfahrung-transalpin-run-2023-sechste-etappe-regen-macht-spass.jpg 1200w\" sizes=\"auto, (max-width: 1024px) 100vw, 1024px\" \/><\/a><\/figure>\n\n\n\n<figure class=\"wp-block-image size-large\"><a href=\"https:\/\/rockyourgoal.de\/wp-content\/uploads\/2023\/09\/erfahrung-transalpin-run-2023-sechste-etappe-laufen-im-regen-1.jpg\"><img loading=\"lazy\" decoding=\"async\" width=\"1024\" height=\"683\" data-id=\"14380\" src=\"https:\/\/rockyourgoal.de\/wp-content\/uploads\/2023\/09\/erfahrung-transalpin-run-2023-sechste-etappe-laufen-im-regen-1-1024x683.jpg\" alt=\"\" class=\"wp-image-14380\" srcset=\"https:\/\/rockyourgoal.de\/wp-content\/uploads\/2023\/09\/erfahrung-transalpin-run-2023-sechste-etappe-laufen-im-regen-1-1024x683.jpg 1024w, https:\/\/rockyourgoal.de\/wp-content\/uploads\/2023\/09\/erfahrung-transalpin-run-2023-sechste-etappe-laufen-im-regen-1-300x200.jpg 300w, https:\/\/rockyourgoal.de\/wp-content\/uploads\/2023\/09\/erfahrung-transalpin-run-2023-sechste-etappe-laufen-im-regen-1-768x512.jpg 768w, https:\/\/rockyourgoal.de\/wp-content\/uploads\/2023\/09\/erfahrung-transalpin-run-2023-sechste-etappe-laufen-im-regen-1-18x12.jpg 18w, https:\/\/rockyourgoal.de\/wp-content\/uploads\/2023\/09\/erfahrung-transalpin-run-2023-sechste-etappe-laufen-im-regen-1.jpg 1200w\" sizes=\"auto, (max-width: 1024px) 100vw, 1024px\" \/><\/a><\/figure>\n\n\n\n<figure class=\"wp-block-image size-large\"><a href=\"https:\/\/rockyourgoal.de\/wp-content\/uploads\/2023\/09\/erfahrung-transalpin-run-2023-sechste-etappe-laufen-im-regen.jpg\"><img loading=\"lazy\" decoding=\"async\" width=\"1024\" height=\"683\" data-id=\"14381\" src=\"https:\/\/rockyourgoal.de\/wp-content\/uploads\/2023\/09\/erfahrung-transalpin-run-2023-sechste-etappe-laufen-im-regen-1024x683.jpg\" alt=\"\" class=\"wp-image-14381\" srcset=\"https:\/\/rockyourgoal.de\/wp-content\/uploads\/2023\/09\/erfahrung-transalpin-run-2023-sechste-etappe-laufen-im-regen-1024x683.jpg 1024w, https:\/\/rockyourgoal.de\/wp-content\/uploads\/2023\/09\/erfahrung-transalpin-run-2023-sechste-etappe-laufen-im-regen-300x200.jpg 300w, https:\/\/rockyourgoal.de\/wp-content\/uploads\/2023\/09\/erfahrung-transalpin-run-2023-sechste-etappe-laufen-im-regen-768x512.jpg 768w, https:\/\/rockyourgoal.de\/wp-content\/uploads\/2023\/09\/erfahrung-transalpin-run-2023-sechste-etappe-laufen-im-regen-18x12.jpg 18w, https:\/\/rockyourgoal.de\/wp-content\/uploads\/2023\/09\/erfahrung-transalpin-run-2023-sechste-etappe-laufen-im-regen.jpg 1200w\" sizes=\"auto, (max-width: 1024px) 100vw, 1024px\" \/><\/a><\/figure>\n\n\n\n<figure class=\"wp-block-image size-large\"><a href=\"https:\/\/rockyourgoal.de\/wp-content\/uploads\/2023\/09\/erfahrung-transalpin-run-2023-sechste-etappe-es-regnet.jpg\"><img loading=\"lazy\" decoding=\"async\" width=\"1024\" height=\"683\" data-id=\"14382\" src=\"https:\/\/rockyourgoal.de\/wp-content\/uploads\/2023\/09\/erfahrung-transalpin-run-2023-sechste-etappe-es-regnet-1024x683.jpg\" alt=\"\" class=\"wp-image-14382\" srcset=\"https:\/\/rockyourgoal.de\/wp-content\/uploads\/2023\/09\/erfahrung-transalpin-run-2023-sechste-etappe-es-regnet-1024x683.jpg 1024w, https:\/\/rockyourgoal.de\/wp-content\/uploads\/2023\/09\/erfahrung-transalpin-run-2023-sechste-etappe-es-regnet-300x200.jpg 300w, https:\/\/rockyourgoal.de\/wp-content\/uploads\/2023\/09\/erfahrung-transalpin-run-2023-sechste-etappe-es-regnet-768x512.jpg 768w, https:\/\/rockyourgoal.de\/wp-content\/uploads\/2023\/09\/erfahrung-transalpin-run-2023-sechste-etappe-es-regnet-18x12.jpg 18w, https:\/\/rockyourgoal.de\/wp-content\/uploads\/2023\/09\/erfahrung-transalpin-run-2023-sechste-etappe-es-regnet.jpg 1200w\" sizes=\"auto, (max-width: 1024px) 100vw, 1024px\" \/><\/a><\/figure>\n\n\n\n<figure class=\"wp-block-image size-large\"><a href=\"https:\/\/rockyourgoal.de\/wp-content\/uploads\/2023\/09\/erfahrung-transalpin-run-2023-sechste-etappe-regenjacke.jpg\"><img loading=\"lazy\" decoding=\"async\" width=\"1000\" height=\"667\" data-id=\"14383\" src=\"https:\/\/rockyourgoal.de\/wp-content\/uploads\/2023\/09\/erfahrung-transalpin-run-2023-sechste-etappe-regenjacke.jpg\" alt=\"\" class=\"wp-image-14383\" srcset=\"https:\/\/rockyourgoal.de\/wp-content\/uploads\/2023\/09\/erfahrung-transalpin-run-2023-sechste-etappe-regenjacke.jpg 1000w, https:\/\/rockyourgoal.de\/wp-content\/uploads\/2023\/09\/erfahrung-transalpin-run-2023-sechste-etappe-regenjacke-300x200.jpg 300w, https:\/\/rockyourgoal.de\/wp-content\/uploads\/2023\/09\/erfahrung-transalpin-run-2023-sechste-etappe-regenjacke-768x512.jpg 768w, https:\/\/rockyourgoal.de\/wp-content\/uploads\/2023\/09\/erfahrung-transalpin-run-2023-sechste-etappe-regenjacke-18x12.jpg 18w\" sizes=\"auto, (max-width: 1000px) 100vw, 1000px\" \/><\/a><figcaption class=\"wp-element-caption\">Naja, jetzt ziehe ich die Regenjacke doch mal an&#8230;.<\/figcaption><\/figure>\n<\/figure>\n\n\n\n<p>Nach der dritten Verpflegungsstation wird auch das Wetter wieder besser, allerdings auch die Downhills steiler. Die letzten f\u00fcnf Kilometer m\u00fcssen meine Zehen wieder mal leiden, aber das wird bereits zur Routine \ud83d\ude42<\/p>\n\n\n\n<p>Von Weitem sehe ich bereits den Reschensee wie ein Juwel in der Landschaft und freue mich, diesen bald zu erreichen. <\/p>\n\n\n\n<figure class=\"wp-block-image size-large\"><a href=\"https:\/\/rockyourgoal.de\/wp-content\/uploads\/2023\/09\/erfahrung-transalpin-run-2023-sechste-etappe-fast-angekommen.jpg\"><img loading=\"lazy\" decoding=\"async\" width=\"1024\" height=\"768\" src=\"http:\/\/rockyourgoal.de\/wp-content\/uploads\/2023\/09\/erfahrung-transalpin-run-2023-sechste-etappe-fast-angekommen-1024x768.jpg\" alt=\"\" class=\"wp-image-14369\" srcset=\"https:\/\/rockyourgoal.de\/wp-content\/uploads\/2023\/09\/erfahrung-transalpin-run-2023-sechste-etappe-fast-angekommen-1024x768.jpg 1024w, https:\/\/rockyourgoal.de\/wp-content\/uploads\/2023\/09\/erfahrung-transalpin-run-2023-sechste-etappe-fast-angekommen-300x225.jpg 300w, https:\/\/rockyourgoal.de\/wp-content\/uploads\/2023\/09\/erfahrung-transalpin-run-2023-sechste-etappe-fast-angekommen-768x576.jpg 768w, https:\/\/rockyourgoal.de\/wp-content\/uploads\/2023\/09\/erfahrung-transalpin-run-2023-sechste-etappe-fast-angekommen-16x12.jpg 16w, https:\/\/rockyourgoal.de\/wp-content\/uploads\/2023\/09\/erfahrung-transalpin-run-2023-sechste-etappe-fast-angekommen.jpg 1412w\" sizes=\"auto, (max-width: 1024px) 100vw, 1024px\" \/><\/a><figcaption class=\"wp-element-caption\">Ist er nicht sch\u00f6n, der Reschensee?<\/figcaption><\/figure>\n\n\n\n<p>Mit gl\u00fchenden Zehen laufen wir die letzten zwei Kilometer am Ufer des Reschensees nach St. Valentin und erreichen dort schon bald m\u00fcde, aber gl\u00fccklich das Ziel. Wir haben es fast geschafft! Nur noch eine Etappe, dann haben wir den Transalpin Run geschafft. Das h\u00e4tte ich vor f\u00fcnf Tagen niemals geglaubt, nachdem wir uns w\u00e4hrend der ersten Etappe so schwer getan haben. <\/p>\n\n\n\n<p>Nun aber herrscht hier eine hervorragende Stimmung und wir sind \u00fcbergl\u00fccklich, dass die Pasta-Party und das Briefing heute im Freien und direkt im Anschluss an die Rennetappe stattfindet. <\/p>\n\n\n\n<figure class=\"wp-block-image size-full\"><a href=\"https:\/\/rockyourgoal.de\/wp-content\/uploads\/2023\/09\/erfahrung-transalpin-run-2023-sechste-etappe-briefing-draussen.jpg\"><img loading=\"lazy\" decoding=\"async\" width=\"1008\" height=\"756\" src=\"http:\/\/rockyourgoal.de\/wp-content\/uploads\/2023\/09\/erfahrung-transalpin-run-2023-sechste-etappe-briefing-draussen.jpg\" alt=\"\" class=\"wp-image-14384\" srcset=\"https:\/\/rockyourgoal.de\/wp-content\/uploads\/2023\/09\/erfahrung-transalpin-run-2023-sechste-etappe-briefing-draussen.jpg 1008w, https:\/\/rockyourgoal.de\/wp-content\/uploads\/2023\/09\/erfahrung-transalpin-run-2023-sechste-etappe-briefing-draussen-300x225.jpg 300w, https:\/\/rockyourgoal.de\/wp-content\/uploads\/2023\/09\/erfahrung-transalpin-run-2023-sechste-etappe-briefing-draussen-768x576.jpg 768w, https:\/\/rockyourgoal.de\/wp-content\/uploads\/2023\/09\/erfahrung-transalpin-run-2023-sechste-etappe-briefing-draussen-16x12.jpg 16w\" sizes=\"auto, (max-width: 1008px) 100vw, 1008px\" \/><\/a><figcaption class=\"wp-element-caption\">Dem Briefing aus dem Liegestuhl folgen&#8230; einfach wunderbar die Idee! Danke PlanB!<\/figcaption><\/figure>\n\n\n\n<p>Eine kleine \u00dcberraschung wartet heute Abend noch auf mich, und die ist einfach wundervoll! Sigi ist angereist und wir genie\u00dfen zusammen eine Pizza in toller Atmosph\u00e4re. Ich freue mich so sehr, sie nach sechs Tagen wieder zu sehen!<\/p>\n\n\n\n<p>Und wie gewohnt noch die Bilder (das Video) des Tages:<\/p>\n\n\n\n<figure class=\"wp-block-embed is-type-video is-provider-youtube wp-block-embed-youtube wp-embed-aspect-16-9 wp-has-aspect-ratio\"><div class=\"wp-block-embed__wrapper\">\n<iframe loading=\"lazy\" title=\"Stage 6 Highlight Clip Dynafit Transalpine Run powered by Volkswagen R  2023\" width=\"800\" height=\"450\" src=\"https:\/\/www.youtube.com\/embed\/4WC11atUvGo?feature=oembed\" frameborder=\"0\" allow=\"accelerometer; autoplay; clipboard-write; encrypted-media; gyroscope; picture-in-picture; web-share\" allowfullscreen><\/iframe>\n<\/div><\/figure>\n\n\n\n<h2 class=\"wp-block-heading\">TRANSALPINE RUN 2023 \u2013 SIEBTE ETAPPE \u2013 VON ST. VALENTIN AUF DER HEIDE (IT) bis nach Prad (Ziel)<\/h2>\n\n\n\n<p>Heute Morgen ist etwas anders. Wir stehen wie gewohnt auf, packen die Taschen f\u00fcr den Transport ins n\u00e4chste Hotel, bereiten unsere Laufrucks\u00e4cke vor, Fr\u00fchst\u00fccken und gehen gem\u00fctlich in den Startbereich der letzten Etappe. Obwohl uns heute noch einmal 40 Kilometer und 1650 H\u00f6henmeter bevorstehen, ist die Stimmung lockerer, gel\u00f6ster als sonst, ja fast schon ausgelassen. Jeder freut sich auf das Ziel, auf den Moment des Zieleinlaufes, auf das Bier &#8222;danach&#8220;. <\/p>\n\n\n\n<figure class=\"wp-block-image size-large\"><a href=\"https:\/\/rockyourgoal.de\/wp-content\/uploads\/2023\/10\/Siebte-Etappe-Transalpin-Run.png\"><img loading=\"lazy\" decoding=\"async\" width=\"971\" height=\"653\" src=\"https:\/\/rockyourgoal.de\/wp-content\/uploads\/2023\/10\/Siebte-Etappe-Transalpin-Run-971x653.png\" alt=\"\" class=\"wp-image-14428\" srcset=\"https:\/\/rockyourgoal.de\/wp-content\/uploads\/2023\/10\/Siebte-Etappe-Transalpin-Run.png 971w, https:\/\/rockyourgoal.de\/wp-content\/uploads\/2023\/10\/Siebte-Etappe-Transalpin-Run-768x516.png 768w, https:\/\/rockyourgoal.de\/wp-content\/uploads\/2023\/10\/Siebte-Etappe-Transalpin-Run-18x12.png 18w\" sizes=\"auto, (max-width: 971px) 100vw, 971px\" \/><\/a><figcaption class=\"wp-element-caption\">Quelle <a href=\"https:\/\/transalpine-run.com\/strecke\/\">PlanB (Seite des TransalpinRun)<\/a><\/figcaption><\/figure>\n\n\n\n<p>Heute scheinen die Cutoff-Zeiten sehr gro\u00dfz\u00fcgig bemessen zu sein, aber mal sehen&#8230;. Reini und ich laufen (ein letztes Mal zu den Kl\u00e4ngen der Autobahn in die H\u00f6lle) los und versuchen z\u00fcgig voranzukommen. Wir wollen die Cutoff-Zeiten unbedingt schaffen und nix dem Zufall \u00fcberlassen. Wir wissen, dass wir bis zur ersten Verpflegungsstation z\u00fcgig laufen k\u00f6nnen, denn die H\u00f6henmeter halten sich in Grenzen. Als wir diese dann jedoch in etwa zwei Kilometer fr\u00fcher als geplant erreichen merke ich, dass wir heute eventuell nur 38 Kilometer insgesamt haben k\u00f6nnten. Und jetzt haben wir nat\u00fcrlich noch mehr Zeit um den Anstieg und den Downhill bis zur zweiten Verpflegungsstation zu bew\u00e4ltigen. <\/p>\n\n\n\n<p>Auf dem Weg zum Spitzige Lun &#8211; Piz Lun (2324m \u00fc.n) begegnen uns sogar zwei Dinosaurier die bei den L\u00e4ufern f\u00fcr noch bessere Laune und ein paar unerwartete Momente sorgen. <\/p>\n\n\n\n<figure class=\"wp-block-gallery has-nested-images columns-default is-cropped wp-block-gallery-19 is-layout-flex wp-block-gallery-is-layout-flex\">\n<figure class=\"wp-block-image size-large\"><a href=\"https:\/\/rockyourgoal.de\/wp-content\/uploads\/2023\/10\/erfahrungen-transalpin-run-siebte-etappe-dinos.jpg\"><img loading=\"lazy\" decoding=\"async\" width=\"768\" height=\"1024\" data-id=\"14422\" src=\"https:\/\/rockyourgoal.de\/wp-content\/uploads\/2023\/10\/erfahrungen-transalpin-run-siebte-etappe-dinos-768x1024.jpg\" alt=\"\" class=\"wp-image-14422\" srcset=\"https:\/\/rockyourgoal.de\/wp-content\/uploads\/2023\/10\/erfahrungen-transalpin-run-siebte-etappe-dinos-768x1023.jpg 768w, https:\/\/rockyourgoal.de\/wp-content\/uploads\/2023\/10\/erfahrungen-transalpin-run-siebte-etappe-dinos-225x300.jpg 225w, https:\/\/rockyourgoal.de\/wp-content\/uploads\/2023\/10\/erfahrungen-transalpin-run-siebte-etappe-dinos-9x12.jpg 9w, https:\/\/rockyourgoal.de\/wp-content\/uploads\/2023\/10\/erfahrungen-transalpin-run-siebte-etappe-dinos.jpg 908w\" sizes=\"auto, (max-width: 768px) 100vw, 768px\" \/><\/a><figcaption class=\"wp-element-caption\">Uns begegnet sogar ein<\/figcaption><\/figure>\n\n\n\n<figure class=\"wp-block-image size-large\"><a href=\"https:\/\/rockyourgoal.de\/wp-content\/uploads\/2023\/10\/erfahrungen-transalpin-run-siebte-etappe-dinos-1.jpg\"><img loading=\"lazy\" decoding=\"async\" width=\"756\" height=\"1008\" data-id=\"14421\" src=\"https:\/\/rockyourgoal.de\/wp-content\/uploads\/2023\/10\/erfahrungen-transalpin-run-siebte-etappe-dinos-1.jpg\" alt=\"\" class=\"wp-image-14421\" srcset=\"https:\/\/rockyourgoal.de\/wp-content\/uploads\/2023\/10\/erfahrungen-transalpin-run-siebte-etappe-dinos-1.jpg 756w, https:\/\/rockyourgoal.de\/wp-content\/uploads\/2023\/10\/erfahrungen-transalpin-run-siebte-etappe-dinos-1-225x300.jpg 225w, https:\/\/rockyourgoal.de\/wp-content\/uploads\/2023\/10\/erfahrungen-transalpin-run-siebte-etappe-dinos-1-9x12.jpg 9w\" sizes=\"auto, (max-width: 756px) 100vw, 756px\" \/><\/a><figcaption class=\"wp-element-caption\">waschechter Dinosaurier \ud83d\ude42<\/figcaption><\/figure>\n<\/figure>\n\n\n\n<p>Trotz angek\u00fcndigtem Sonnenschein und warmen Temperaturen ist es heute neblig und k\u00fchl. Ich mag das, aber f\u00fcr die Fernsicht auf den Ortler ist das nat\u00fcrlich nicht optimal. Im Nebel taucht dann auch unser heutiger h\u00f6chster Punkt, der Piz Lun (2324m \u00fc.n) auf. <\/p>\n\n\n\n<figure class=\"wp-block-gallery has-nested-images columns-default is-cropped wp-block-gallery-20 is-layout-flex wp-block-gallery-is-layout-flex\">\n<figure class=\"wp-block-image size-large\"><a href=\"https:\/\/rockyourgoal.de\/wp-content\/uploads\/2023\/10\/erfahrungen-transalpin-run-siebte-etappe-gipfelkreuz-im-nebel.jpg\"><img loading=\"lazy\" decoding=\"async\" width=\"768\" height=\"1024\" data-id=\"14420\" src=\"https:\/\/rockyourgoal.de\/wp-content\/uploads\/2023\/10\/erfahrungen-transalpin-run-siebte-etappe-gipfelkreuz-im-nebel-768x1024.jpg\" alt=\"\" class=\"wp-image-14420\" srcset=\"https:\/\/rockyourgoal.de\/wp-content\/uploads\/2023\/10\/erfahrungen-transalpin-run-siebte-etappe-gipfelkreuz-im-nebel-768x1023.jpg 768w, https:\/\/rockyourgoal.de\/wp-content\/uploads\/2023\/10\/erfahrungen-transalpin-run-siebte-etappe-gipfelkreuz-im-nebel-225x300.jpg 225w, https:\/\/rockyourgoal.de\/wp-content\/uploads\/2023\/10\/erfahrungen-transalpin-run-siebte-etappe-gipfelkreuz-im-nebel-9x12.jpg 9w, https:\/\/rockyourgoal.de\/wp-content\/uploads\/2023\/10\/erfahrungen-transalpin-run-siebte-etappe-gipfelkreuz-im-nebel.jpg 908w\" sizes=\"auto, (max-width: 768px) 100vw, 768px\" \/><\/a><figcaption class=\"wp-element-caption\">Aus dem Nebel heraus begr\u00fc\u00dft uns der <\/figcaption><\/figure>\n\n\n\n<figure class=\"wp-block-image size-large\"><a href=\"https:\/\/rockyourgoal.de\/wp-content\/uploads\/2023\/10\/erfahrungen-transalpin-run-siebte-etappe-gipfelkreuz.jpg\"><img loading=\"lazy\" decoding=\"async\" width=\"768\" height=\"1024\" data-id=\"14423\" src=\"https:\/\/rockyourgoal.de\/wp-content\/uploads\/2023\/10\/erfahrungen-transalpin-run-siebte-etappe-gipfelkreuz-768x1024.jpg\" alt=\"\" class=\"wp-image-14423\" srcset=\"https:\/\/rockyourgoal.de\/wp-content\/uploads\/2023\/10\/erfahrungen-transalpin-run-siebte-etappe-gipfelkreuz-768x1023.jpg 768w, https:\/\/rockyourgoal.de\/wp-content\/uploads\/2023\/10\/erfahrungen-transalpin-run-siebte-etappe-gipfelkreuz-225x300.jpg 225w, https:\/\/rockyourgoal.de\/wp-content\/uploads\/2023\/10\/erfahrungen-transalpin-run-siebte-etappe-gipfelkreuz-9x12.jpg 9w, https:\/\/rockyourgoal.de\/wp-content\/uploads\/2023\/10\/erfahrungen-transalpin-run-siebte-etappe-gipfelkreuz.jpg 908w\" sizes=\"auto, (max-width: 768px) 100vw, 768px\" \/><\/a><figcaption class=\"wp-element-caption\">Piz Lun (2324m \u00fc.n)<\/figcaption><\/figure>\n<\/figure>\n\n\n\n<p>Jetzt kann ich es wirklich kurz machen, denn von nun an laufen wir eigentlich nur noch bergab und haben nur noch wenige H\u00f6henmeter zu bew\u00e4ltigen. Wir schaffen auch unsere zweite Cutoff-Zeit locker und genie\u00dfen unsere letzte (dritte) Verpflegungsstelle. Es ist ein komisches Gef\u00fchl die uns lieb gewonnenen Menschen an den Verpflegungsstellen nicht mehr zu sehen. Obwohl wir noch gar nicht im Ziel sind, beschleicht mich schon etwas Melancholie. Aber nur ganz wenig \ud83d\ude09<\/p>\n\n\n\n<p>14 Kilometer vor dem Ziel rutsche ich seitlich aus und hole mir noch einen kleinen Muskelfaserriss im hinteren Oberschenkel der vor allem bei den geraden Passagen sticht. Aber das ist jetzt auch schon egal. Ich tape ihn fest und laufe weiter. Jetzt w\u00fcrde ich sogar bis zum Ziel kriechen! Und die Dimensionen verschwimmen beim TAR. &#8222;<em>Nur noch 14 Kilometer<\/em>&#8220; ist hier wirklich so gemeint. F\u00fcr die L\u00e4ufer ist man 14 Kilometer vor dem Ziel fast schon angekommen. Mir geht es genau so. Man lernt Geduld, Demut vor der Strecke und Kilometerfressen!<\/p>\n\n\n\n<p>Wir laufen, wir reden, wir scherzen mit den anderen Teilnehmern und erreichen schlie\u00dflich Prad. Wir werden durch einen gro\u00dfen Park geleitet und h\u00f6ren von Weitem schon die Musik und den Moderator im Zielbereich! Ich kann es nicht fassen, wir sind fast im Ziel, wir haben sieben Tage eine extreme Belastung gemeistert, wir sind \u00fcber die Alpen gelaufen, wir haben gleich den Transalpin Run gefinished. Eines meiner sportlichen Lebensziele ist soooo nah!<\/p>\n\n\n\n<p>Die Musik wird lauter und unsere Beine werden noch einmal schneller. Nur noch wenige Meter! Wir werden mit Teamnamen und unseren Vornamen begr\u00fc\u00dft, wir laufen unter dem Zielbogen durch und nun sehe ich Sigi mit den zwei Medaillen in der Hand. Sie \u00fcberreicht sie erst mir, dann Reini! Ich k\u00e4mpfe mit meinen Freudentr\u00e4nen und kann sie nur schwer zur\u00fcckhalten! Ich f\u00fchle mich so gl\u00fccklich! \u00dcberhaupt nicht ersch\u00f6pft sondern gel\u00f6st, stolz, fr\u00f6hlich und komplett sorgenfrei. Ich habe das Gef\u00fchl, ich k\u00f6nnte B\u00e4ume ausrei\u00dfen! <\/p>\n\n\n\n<figure class=\"wp-block-gallery has-nested-images columns-default is-cropped wp-block-gallery-21 is-layout-flex wp-block-gallery-is-layout-flex\">\n<figure class=\"wp-block-image size-large\"><a href=\"https:\/\/rockyourgoal.de\/wp-content\/uploads\/2023\/10\/erfahrungen-transalpin-run-siebte-etappe-sigi-im-ziel.jpg\"><img loading=\"lazy\" decoding=\"async\" width=\"756\" height=\"1008\" data-id=\"14416\" src=\"https:\/\/rockyourgoal.de\/wp-content\/uploads\/2023\/10\/erfahrungen-transalpin-run-siebte-etappe-sigi-im-ziel.jpg\" alt=\"\" class=\"wp-image-14416\" srcset=\"https:\/\/rockyourgoal.de\/wp-content\/uploads\/2023\/10\/erfahrungen-transalpin-run-siebte-etappe-sigi-im-ziel.jpg 756w, https:\/\/rockyourgoal.de\/wp-content\/uploads\/2023\/10\/erfahrungen-transalpin-run-siebte-etappe-sigi-im-ziel-225x300.jpg 225w, https:\/\/rockyourgoal.de\/wp-content\/uploads\/2023\/10\/erfahrungen-transalpin-run-siebte-etappe-sigi-im-ziel-9x12.jpg 9w\" sizes=\"auto, (max-width: 756px) 100vw, 756px\" \/><\/a><figcaption class=\"wp-element-caption\">Sigi \u00fcberreicht uns unsere<\/figcaption><\/figure>\n\n\n\n<figure class=\"wp-block-image size-large\"><a href=\"https:\/\/rockyourgoal.de\/wp-content\/uploads\/2023\/10\/erfahrungen-transalpin-run-siebte-etappe-reini-und-uwe-gluecklich.jpg\"><img loading=\"lazy\" decoding=\"async\" width=\"1000\" height=\"667\" data-id=\"14419\" src=\"https:\/\/rockyourgoal.de\/wp-content\/uploads\/2023\/10\/erfahrungen-transalpin-run-siebte-etappe-reini-und-uwe-gluecklich.jpg\" alt=\"\" class=\"wp-image-14419\" srcset=\"https:\/\/rockyourgoal.de\/wp-content\/uploads\/2023\/10\/erfahrungen-transalpin-run-siebte-etappe-reini-und-uwe-gluecklich.jpg 1000w, https:\/\/rockyourgoal.de\/wp-content\/uploads\/2023\/10\/erfahrungen-transalpin-run-siebte-etappe-reini-und-uwe-gluecklich-300x200.jpg 300w, https:\/\/rockyourgoal.de\/wp-content\/uploads\/2023\/10\/erfahrungen-transalpin-run-siebte-etappe-reini-und-uwe-gluecklich-768x512.jpg 768w, https:\/\/rockyourgoal.de\/wp-content\/uploads\/2023\/10\/erfahrungen-transalpin-run-siebte-etappe-reini-und-uwe-gluecklich-18x12.jpg 18w\" sizes=\"auto, (max-width: 1000px) 100vw, 1000px\" \/><\/a><figcaption class=\"wp-element-caption\">wohlverdienten Medaillen<\/figcaption><\/figure>\n<\/figure>\n\n\n\n<p>Nun kommen so viele Menschen die wir die letzten Tage kennen und sch\u00e4tzen gelernt haben auf uns zu und wir gratulieren uns gegenseitig. Wir haben so viele besondere, harte, einmalige und wundersch\u00f6ne Momente miteinander verbracht, das schwei\u00dft zusammen! Ich werde all diese Menschen vermissen.<\/p>\n\n\n\n<p>Ich hole das &#8222;Objekt der Begierde&#8220;, mein Finishershirt des Transalpin Run 2023 ab und bin stolz wie Bolle!<\/p>\n\n\n\n<p>Nun ist die Zeit f\u00fcr Fotos, Bier und Snacks gekommen! Wir genie\u00dfen ausgiebig bevor wir ins Hotel gehen um zu duschen und uns f\u00fcr die letzte Pastaparty mit anschlie\u00dfender Feier vorzubereiten. <\/p>\n\n\n\n<figure class=\"wp-block-gallery has-nested-images columns-default is-cropped wp-block-gallery-22 is-layout-flex wp-block-gallery-is-layout-flex\">\n<figure class=\"wp-block-image size-large\"><a href=\"https:\/\/rockyourgoal.de\/wp-content\/uploads\/2023\/10\/erfahrungen-transalpin-run-siebte-etappe-reini-uwe-medaille.jpg\"><img loading=\"lazy\" decoding=\"async\" width=\"768\" height=\"1024\" data-id=\"14424\" src=\"https:\/\/rockyourgoal.de\/wp-content\/uploads\/2023\/10\/erfahrungen-transalpin-run-siebte-etappe-reini-uwe-medaille.jpg\" alt=\"\" class=\"wp-image-14424\" srcset=\"https:\/\/rockyourgoal.de\/wp-content\/uploads\/2023\/10\/erfahrungen-transalpin-run-siebte-etappe-reini-uwe-medaille.jpg 768w, https:\/\/rockyourgoal.de\/wp-content\/uploads\/2023\/10\/erfahrungen-transalpin-run-siebte-etappe-reini-uwe-medaille-225x300.jpg 225w, https:\/\/rockyourgoal.de\/wp-content\/uploads\/2023\/10\/erfahrungen-transalpin-run-siebte-etappe-reini-uwe-medaille-9x12.jpg 9w\" sizes=\"auto, (max-width: 768px) 100vw, 768px\" \/><\/a><figcaption class=\"wp-element-caption\">Wir waren ein tolles Team<\/figcaption><\/figure>\n\n\n\n<figure class=\"wp-block-image size-large\"><a href=\"https:\/\/rockyourgoal.de\/wp-content\/uploads\/2023\/10\/erfahrungen-transalpin-run-siebte-etappe-ganzes-team.jpg\"><img loading=\"lazy\" decoding=\"async\" width=\"1024\" height=\"936\" data-id=\"14425\" src=\"https:\/\/rockyourgoal.de\/wp-content\/uploads\/2023\/10\/erfahrungen-transalpin-run-siebte-etappe-ganzes-team.jpg\" alt=\"\" class=\"wp-image-14425\" srcset=\"https:\/\/rockyourgoal.de\/wp-content\/uploads\/2023\/10\/erfahrungen-transalpin-run-siebte-etappe-ganzes-team.jpg 1024w, https:\/\/rockyourgoal.de\/wp-content\/uploads\/2023\/10\/erfahrungen-transalpin-run-siebte-etappe-ganzes-team-300x274.jpg 300w, https:\/\/rockyourgoal.de\/wp-content\/uploads\/2023\/10\/erfahrungen-transalpin-run-siebte-etappe-ganzes-team-768x702.jpg 768w, https:\/\/rockyourgoal.de\/wp-content\/uploads\/2023\/10\/erfahrungen-transalpin-run-siebte-etappe-ganzes-team-13x12.jpg 13w\" sizes=\"auto, (max-width: 1024px) 100vw, 1024px\" \/><\/a><figcaption class=\"wp-element-caption\">Danke f\u00fcr die tolle Zeit, liebe Tina und Anette!<\/figcaption><\/figure>\n\n\n\n<figure class=\"wp-block-image size-large\"><a href=\"https:\/\/rockyourgoal.de\/wp-content\/uploads\/2023\/10\/erfahrungen-transalpin-run-siebte-etappe-reini-und-uwe-buehne.jpg\"><img loading=\"lazy\" decoding=\"async\" width=\"1024\" height=\"768\" data-id=\"14417\" src=\"https:\/\/rockyourgoal.de\/wp-content\/uploads\/2023\/10\/erfahrungen-transalpin-run-siebte-etappe-reini-und-uwe-buehne-1024x768.jpg\" alt=\"\" class=\"wp-image-14417\" srcset=\"https:\/\/rockyourgoal.de\/wp-content\/uploads\/2023\/10\/erfahrungen-transalpin-run-siebte-etappe-reini-und-uwe-buehne-1024x768.jpg 1024w, https:\/\/rockyourgoal.de\/wp-content\/uploads\/2023\/10\/erfahrungen-transalpin-run-siebte-etappe-reini-und-uwe-buehne-300x225.jpg 300w, https:\/\/rockyourgoal.de\/wp-content\/uploads\/2023\/10\/erfahrungen-transalpin-run-siebte-etappe-reini-und-uwe-buehne-768x576.jpg 768w, https:\/\/rockyourgoal.de\/wp-content\/uploads\/2023\/10\/erfahrungen-transalpin-run-siebte-etappe-reini-und-uwe-buehne-16x12.jpg 16w, https:\/\/rockyourgoal.de\/wp-content\/uploads\/2023\/10\/erfahrungen-transalpin-run-siebte-etappe-reini-und-uwe-buehne.jpg 1210w\" sizes=\"auto, (max-width: 1024px) 100vw, 1024px\" \/><\/a><figcaption class=\"wp-element-caption\">Danke Reini, dass Du diese &#8222;verr\u00fcckte Idee&#8220; mitgemacht hast<\/figcaption><\/figure>\n\n\n\n<figure class=\"wp-block-image size-large\"><a href=\"https:\/\/rockyourgoal.de\/wp-content\/uploads\/2023\/10\/erfahrungen-transalpin-run-siebte-etappe-uwe-pose.jpg\"><img loading=\"lazy\" decoding=\"async\" width=\"1024\" height=\"836\" data-id=\"14418\" src=\"https:\/\/rockyourgoal.de\/wp-content\/uploads\/2023\/10\/erfahrungen-transalpin-run-siebte-etappe-uwe-pose-1024x836.jpg\" alt=\"\" class=\"wp-image-14418\" srcset=\"https:\/\/rockyourgoal.de\/wp-content\/uploads\/2023\/10\/erfahrungen-transalpin-run-siebte-etappe-uwe-pose-1024x836.jpg 1024w, https:\/\/rockyourgoal.de\/wp-content\/uploads\/2023\/10\/erfahrungen-transalpin-run-siebte-etappe-uwe-pose-300x245.jpg 300w, https:\/\/rockyourgoal.de\/wp-content\/uploads\/2023\/10\/erfahrungen-transalpin-run-siebte-etappe-uwe-pose-768x627.jpg 768w, https:\/\/rockyourgoal.de\/wp-content\/uploads\/2023\/10\/erfahrungen-transalpin-run-siebte-etappe-uwe-pose-15x12.jpg 15w, https:\/\/rockyourgoal.de\/wp-content\/uploads\/2023\/10\/erfahrungen-transalpin-run-siebte-etappe-uwe-pose.jpg 1182w\" sizes=\"auto, (max-width: 1024px) 100vw, 1024px\" \/><\/a><figcaption class=\"wp-element-caption\">Tja&#8230;<\/figcaption><\/figure>\n<\/figure>\n\n\n\n<p>Nun wird nur noch gefeiert! All die Anspannung, all die Zweifel, all die Anstrengung, all die mentale Belastung&#8230;.. wir tanzen sie heute Abend weg! Der Zieleinlauf war wundervoll, aber den Weg mit den vielen tollen Menschen zu &#8222;gehen&#8220; (eigentlich zu laufen), all die unvergesslichen Augenblicke zu genie\u00dfen, Martin mit seiner Kuhglocke am h\u00f6chsten Punkt, die wundervolle Aussicht in den Bergen, die netten Begr\u00fc\u00dfungen an den Verpflegungsstationen, das tolle Team von PlanB und nat\u00fcrlich ein solch gigantisches Erlebnis mit meinem Cousin und Laufpartner Reini. Es hat sich gelohnt! DAS vergessen wir niemals!<\/p>","protected":false},"excerpt":{"rendered":"<p>Ich habe mir mit dem TAR einen Lebenstraum erf\u00fcllt und m\u00f6chte hier meine Erfahrungen mit dem Transalpin Run teilen<\/p>\n<p> <a class=\"more-link\" href=\"https:\/\/rockyourgoal.de\/en\/erfahrungen-transalpine-run\/\">Read more<\/a><\/p>","protected":false},"author":2,"featured_media":14033,"comment_status":"open","ping_status":"closed","sticky":false,"template":"","format":"standard","meta":{"pgc_sgb_lightbox_settings":"","_glsr_average":0,"_glsr_ranking":0,"_glsr_reviews":0,"footnotes":""},"categories":[99,185,222],"tags":[],"class_list":{"0":"post-14025","1":"post","2":"type-post","3":"status-publish","4":"format-standard","5":"has-post-thumbnail","7":"category-italien","8":"category-oesterreich","9":"category-schweiz"},"_links":{"self":[{"href":"https:\/\/rockyourgoal.de\/en\/wp-json\/wp\/v2\/posts\/14025","targetHints":{"allow":["GET"]}}],"collection":[{"href":"https:\/\/rockyourgoal.de\/en\/wp-json\/wp\/v2\/posts"}],"about":[{"href":"https:\/\/rockyourgoal.de\/en\/wp-json\/wp\/v2\/types\/post"}],"author":[{"embeddable":true,"href":"https:\/\/rockyourgoal.de\/en\/wp-json\/wp\/v2\/users\/2"}],"replies":[{"embeddable":true,"href":"https:\/\/rockyourgoal.de\/en\/wp-json\/wp\/v2\/comments?post=14025"}],"version-history":[{"count":123,"href":"https:\/\/rockyourgoal.de\/en\/wp-json\/wp\/v2\/posts\/14025\/revisions"}],"predecessor-version":[{"id":14447,"href":"https:\/\/rockyourgoal.de\/en\/wp-json\/wp\/v2\/posts\/14025\/revisions\/14447"}],"wp:featuredmedia":[{"embeddable":true,"href":"https:\/\/rockyourgoal.de\/en\/wp-json\/wp\/v2\/media\/14033"}],"wp:attachment":[{"href":"https:\/\/rockyourgoal.de\/en\/wp-json\/wp\/v2\/media?parent=14025"}],"wp:term":[{"taxonomy":"category","embeddable":true,"href":"https:\/\/rockyourgoal.de\/en\/wp-json\/wp\/v2\/categories?post=14025"},{"taxonomy":"post_tag","embeddable":true,"href":"https:\/\/rockyourgoal.de\/en\/wp-json\/wp\/v2\/tags?post=14025"}],"curies":[{"name":"wp","href":"https:\/\/api.w.org\/{rel}","templated":true}]}}